{"id":7873,"date":"2017-08-30T23:49:11","date_gmt":"2017-08-30T23:49:11","guid":{"rendered":"http:\/\/pariscapnord.fr\/live\/?p=7873"},"modified":"2017-08-31T00:27:22","modified_gmt":"2017-08-31T00:27:22","slug":"reportages-equipes-18eme-raid-paris-cap-nord","status":"publish","type":"post","link":"https:\/\/pariscapnord.fr\/live\/reportages-equipes-18eme-raid-paris-cap-nord\/","title":{"rendered":"D\u00e9couvrez les reportages des \u00e9quipes du 18\u00e8me Raid Paris Cap Nord"},"content":{"rendered":"<p>[et_pb_section fb_built=\u00a0\u00bb1&Prime; background_color=\u00a0\u00bb#e09900&Prime; padding_mobile=\u00a0\u00bboff\u00a0\u00bb admin_label=\u00a0\u00bbsection\u00a0\u00bb _builder_version=\u00a0\u00bb3.0.62&Prime;][et_pb_row _builder_version=\u00a0\u00bb3.0.62&Prime;][et_pb_column type=\u00a0\u00bb4_4&Prime; _builder_version=\u00a0\u00bb3.0.47&Prime; parallax=\u00a0\u00bboff\u00a0\u00bb parallax_method=\u00a0\u00bbon\u00a0\u00bb][et_pb_text background_layout=\u00a0\u00bbdark\u00a0\u00bb _builder_version=\u00a0\u00bb3.0.62&Prime; text_font_size=\u00a0\u00bb21px\u00a0\u00bb]<\/p>\n<h1>Reportage \u00e9crit sur un th\u00e8me libre<\/h1>\n<p>[\/et_pb_text][\/et_pb_column][\/et_pb_row][\/et_pb_section][et_pb_section fb_built=\u00a0\u00bb1&Prime; background_color=\u00a0\u00bb#f9f9f9&Prime; custom_padding=\u00a0\u00bb54px|0px|54px|0px\u00a0\u00bb _builder_version=\u00a0\u00bb3.0.47&Prime;][et_pb_row use_custom_gutter=\u00a0\u00bbon\u00a0\u00bb gutter_width=\u00a0\u00bb2&Prime; custom_padding=\u00a0\u00bb30px||0px|\u00a0\u00bb padding_mobile=\u00a0\u00bbon\u00a0\u00bb make_equal=\u00a0\u00bbon\u00a0\u00bb column_padding_mobile=\u00a0\u00bbon\u00a0\u00bb background_color_1=\u00a0\u00bb#ffffff\u00a0\u00bb background_color_2=\u00a0\u00bb#ffffff\u00a0\u00bb background_color_3=\u00a0\u00bb#ffffff\u00a0\u00bb parallax_method_1=\u00a0\u00bboff\u00a0\u00bb parallax_method_2=\u00a0\u00bboff\u00a0\u00bb admin_label=\u00a0\u00bbRow\u00a0\u00bb _builder_version=\u00a0\u00bb3.0.62&Prime; background_size=\u00a0\u00bbinitial\u00a0\u00bb background_position=\u00a0\u00bbtop_left\u00a0\u00bb background_repeat=\u00a0\u00bbrepeat\u00a0\u00bb][et_pb_column type=\u00a0\u00bb1_3&Prime; _builder_version=\u00a0\u00bb3.0.47&Prime; column_padding_mobile=\u00a0\u00bbon\u00a0\u00bb background_color=\u00a0\u00bb#ffffff\u00a0\u00bb parallax=\u00a0\u00bboff\u00a0\u00bb parallax_method=\u00a0\u00bboff\u00a0\u00bb][et_pb_text text_orientation=\u00a0\u00bbcenter\u00a0\u00bb admin_label=\u00a0\u00bbText\u00a0\u00bb _builder_version=\u00a0\u00bb3.0.62&Prime; text_font=\u00a0\u00bb||||\u00a0\u00bb text_font_size=\u00a0\u00bb19px\u00a0\u00bb text_text_color=\u00a0\u00bb#888888&Prime; text_line_height=\u00a0\u00bb1.6em\u00a0\u00bb background_color=\u00a0\u00bb#ffffff\u00a0\u00bb background_size=\u00a0\u00bbinitial\u00a0\u00bb background_position=\u00a0\u00bbtop_left\u00a0\u00bb background_repeat=\u00a0\u00bbrepeat\u00a0\u00bb custom_margin=\u00a0\u00bb10px||30px|\u00a0\u00bb]<\/p>\n<p><strong>Les maisons aux toitures v\u00e9g\u00e9talis\u00e9es<\/strong><br \/> \u00e9quipe 1 : Tabasco &#038; G\u00e9n\u00e9pi<br \/> <strong><a href=\"http:\/\/pariscapnord.fr\/live\/wp-content\/uploads\/2017\/08\/3-Reportage-LE-FABULEUX-MUSEE-DE-MONSIEUR-HAKVAAG.pdf\">lire le reportage<\/a><\/strong><\/p>\n<p>[\/et_pb_text][et_pb_image src=\u00a0\u00bbhttp:\/\/pariscapnord.fr\/live\/wp-content\/uploads\/2017\/08\/1-Reportage-Les-maisons-aux-toitures-v\u00e9g\u00e9talis\u00e9es-1.jpg\u00a0\u00bb show_in_lightbox=\u00a0\u00bbon\u00a0\u00bb use_overlay=\u00a0\u00bbon\u00a0\u00bb overlay_icon_color=\u00a0\u00bb#ffffff\u00a0\u00bb hover_overlay_color=\u00a0\u00bbrgba(39,108,242,0.78)\u00a0\u00bb animation=\u00a0\u00bboff\u00a0\u00bb sticky=\u00a0\u00bbon\u00a0\u00bb align=\u00a0\u00bbcenter\u00a0\u00bb force_fullwidth=\u00a0\u00bbon\u00a0\u00bb _builder_version=\u00a0\u00bb3.0.62&Prime; custom_margin=\u00a0\u00bb|4px||4px\u00a0\u00bb][\/et_pb_image][\/et_pb_column][et_pb_column type=\u00a0\u00bb1_3&Prime; _builder_version=\u00a0\u00bb3.0.47&Prime; column_padding_mobile=\u00a0\u00bbon\u00a0\u00bb background_color=\u00a0\u00bb#ffffff\u00a0\u00bb parallax=\u00a0\u00bboff\u00a0\u00bb parallax_method=\u00a0\u00bboff\u00a0\u00bb][et_pb_text text_orientation=\u00a0\u00bbcenter\u00a0\u00bb admin_label=\u00a0\u00bbText\u00a0\u00bb _builder_version=\u00a0\u00bb3.0.62&Prime; text_font=\u00a0\u00bb||||\u00a0\u00bb text_font_size=\u00a0\u00bb19px\u00a0\u00bb text_text_color=\u00a0\u00bb#888888&Prime; text_line_height=\u00a0\u00bb1.6em\u00a0\u00bb header_font=\u00a0\u00bb||||\u00a0\u00bb header_font_size=\u00a0\u00bb36px\u00a0\u00bb background_color=\u00a0\u00bb#ffffff\u00a0\u00bb background_size=\u00a0\u00bbinitial\u00a0\u00bb background_position=\u00a0\u00bbtop_left\u00a0\u00bb background_repeat=\u00a0\u00bbrepeat\u00a0\u00bb custom_margin=\u00a0\u00bb10px||30px|\u00a0\u00bb]<\/p>\n<p><strong>Le fabuleux mus\u00e9e<br \/> de monsieur HAKVAAG<\/strong><br \/> \u00e9quipe 3 : Les pastilles<br \/> <strong><a href=\"http:\/\/pariscapnord.fr\/live\/wp-content\/uploads\/2017\/08\/3-Reportage-LE-FABULEUX-MUSEE-DE-MONSIEUR-HAKVAAG.pdf\">lire le reportage<\/a><\/strong><\/p>\n<p>[\/et_pb_text][et_pb_image src=\u00a0\u00bbhttp:\/\/pariscapnord.fr\/live\/wp-content\/uploads\/2017\/08\/3-Reportage-LE-FABULEUX-MUSEE-DE-MONSIEUR-HAKVAAG-1.jpg\u00a0\u00bb show_in_lightbox=\u00a0\u00bbon\u00a0\u00bb use_overlay=\u00a0\u00bbon\u00a0\u00bb overlay_icon_color=\u00a0\u00bb#ffffff\u00a0\u00bb hover_overlay_color=\u00a0\u00bbrgba(39,108,242,0.78)\u00a0\u00bb animation=\u00a0\u00bboff\u00a0\u00bb sticky=\u00a0\u00bbon\u00a0\u00bb align=\u00a0\u00bbcenter\u00a0\u00bb force_fullwidth=\u00a0\u00bbon\u00a0\u00bb _builder_version=\u00a0\u00bb3.0.62&Prime; custom_margin=\u00a0\u00bb|4px||4px\u00a0\u00bb][\/et_pb_image][\/et_pb_column][et_pb_column type=\u00a0\u00bb1_3&Prime; _builder_version=\u00a0\u00bb3.0.47&Prime; column_padding_mobile=\u00a0\u00bbon\u00a0\u00bb background_color=\u00a0\u00bb#ffffff\u00a0\u00bb parallax=\u00a0\u00bboff\u00a0\u00bb parallax_method=\u00a0\u00bbon\u00a0\u00bb][et_pb_text text_orientation=\u00a0\u00bbcenter\u00a0\u00bb admin_label=\u00a0\u00bbText\u00a0\u00bb _builder_version=\u00a0\u00bb3.0.62&Prime; text_font=\u00a0\u00bb||||\u00a0\u00bb text_font_size=\u00a0\u00bb19px\u00a0\u00bb text_text_color=\u00a0\u00bb#888888&Prime; text_line_height=\u00a0\u00bb1.6em\u00a0\u00bb background_color=\u00a0\u00bb#ffffff\u00a0\u00bb background_size=\u00a0\u00bbinitial\u00a0\u00bb background_position=\u00a0\u00bbtop_left\u00a0\u00bb background_repeat=\u00a0\u00bbrepeat\u00a0\u00bb custom_margin=\u00a0\u00bb10px||30px|\u00a0\u00bb]<\/p>\n<p><strong>Escale viking en terres nordiques<\/strong><br \/> \u00e9quipe 4 : Cap au Nord<br \/> <strong><a href=\"\/live\/wp-content\/uploads\/2017\/08\/4-Reportage-Escale-viking-en-terres-nordiques-1.pdf\">lire le reportage<\/a><\/strong><\/p>\n<p>[\/et_pb_text][et_pb_image src=\u00a0\u00bbhttp:\/\/pariscapnord.fr\/live\/wp-content\/uploads\/2017\/08\/4-Reportage-Escale-viking-en-terres-nordiques-1.jpg\u00a0\u00bb show_in_lightbox=\u00a0\u00bbon\u00a0\u00bb use_overlay=\u00a0\u00bbon\u00a0\u00bb overlay_icon_color=\u00a0\u00bb#ffffff\u00a0\u00bb hover_overlay_color=\u00a0\u00bbrgba(39,108,242,0.78)\u00a0\u00bb animation=\u00a0\u00bboff\u00a0\u00bb sticky=\u00a0\u00bbon\u00a0\u00bb align=\u00a0\u00bbcenter\u00a0\u00bb force_fullwidth=\u00a0\u00bbon\u00a0\u00bb _builder_version=\u00a0\u00bb3.0.62&Prime;][\/et_pb_image][\/et_pb_column][\/et_pb_row][et_pb_row use_custom_gutter=\u00a0\u00bbon\u00a0\u00bb gutter_width=\u00a0\u00bb2&Prime; custom_padding=\u00a0\u00bb33px||0px|\u00a0\u00bb make_equal=\u00a0\u00bbon\u00a0\u00bb column_padding_mobile=\u00a0\u00bbon\u00a0\u00bb background_color_1=\u00a0\u00bb#ffffff\u00a0\u00bb background_color_2=\u00a0\u00bb#ffffff\u00a0\u00bb background_color_3=\u00a0\u00bb#ffffff\u00a0\u00bb parallax_method_1=\u00a0\u00bboff\u00a0\u00bb parallax_method_2=\u00a0\u00bboff\u00a0\u00bb admin_label=\u00a0\u00bbRow\u00a0\u00bb _builder_version=\u00a0\u00bb3.0.62&Prime; background_size=\u00a0\u00bbinitial\u00a0\u00bb background_position=\u00a0\u00bbtop_left\u00a0\u00bb background_repeat=\u00a0\u00bbrepeat\u00a0\u00bb][et_pb_column type=\u00a0\u00bb1_3&Prime; _builder_version=\u00a0\u00bb3.0.47&Prime; column_padding_mobile=\u00a0\u00bbon\u00a0\u00bb background_color=\u00a0\u00bb#ffffff\u00a0\u00bb parallax=\u00a0\u00bboff\u00a0\u00bb parallax_method=\u00a0\u00bboff\u00a0\u00bb][et_pb_text text_orientation=\u00a0\u00bbcenter\u00a0\u00bb admin_label=\u00a0\u00bbText\u00a0\u00bb _builder_version=\u00a0\u00bb3.0.62&Prime; text_font=\u00a0\u00bb||||\u00a0\u00bb text_font_size=\u00a0\u00bb19px\u00a0\u00bb text_text_color=\u00a0\u00bb#888888&Prime; text_line_height=\u00a0\u00bb1.6em\u00a0\u00bb background_color=\u00a0\u00bb#ffffff\u00a0\u00bb background_size=\u00a0\u00bbinitial\u00a0\u00bb background_position=\u00a0\u00bbtop_left\u00a0\u00bb background_repeat=\u00a0\u00bbrepeat\u00a0\u00bb custom_margin=\u00a0\u00bb10px||30px|\u00a0\u00bb]<\/p>\n<p><strong>????<\/strong><br \/> \u00e9quipe 7 : Two rennes trek team<br \/> <strong><a href=\"#\">lire le reportage<\/a><\/strong><\/p>\n<p>[\/et_pb_text][et_pb_image src=\u00a0\u00bbhttp:\/\/pariscapnord.fr\/live\/wp-content\/uploads\/2017\/07\/05-07.jpg\u00a0\u00bb show_in_lightbox=\u00a0\u00bbon\u00a0\u00bb use_overlay=\u00a0\u00bbon\u00a0\u00bb overlay_icon_color=\u00a0\u00bb#ffffff\u00a0\u00bb hover_overlay_color=\u00a0\u00bbrgba(39,108,242,0.78)\u00a0\u00bb animation=\u00a0\u00bboff\u00a0\u00bb sticky=\u00a0\u00bbon\u00a0\u00bb align=\u00a0\u00bbcenter\u00a0\u00bb force_fullwidth=\u00a0\u00bbon\u00a0\u00bb _builder_version=\u00a0\u00bb3.0.47&Prime;][\/et_pb_image][\/et_pb_column][et_pb_column type=\u00a0\u00bb1_3&Prime; _builder_version=\u00a0\u00bb3.0.47&Prime; column_padding_mobile=\u00a0\u00bbon\u00a0\u00bb background_color=\u00a0\u00bb#ffffff\u00a0\u00bb parallax=\u00a0\u00bboff\u00a0\u00bb parallax_method=\u00a0\u00bboff\u00a0\u00bb][et_pb_text text_orientation=\u00a0\u00bbcenter\u00a0\u00bb admin_label=\u00a0\u00bbText\u00a0\u00bb _builder_version=\u00a0\u00bb3.0.62&Prime; text_font=\u00a0\u00bb||||\u00a0\u00bb text_font_size=\u00a0\u00bb19px\u00a0\u00bb text_text_color=\u00a0\u00bb#888888&Prime; text_line_height=\u00a0\u00bb1.6em\u00a0\u00bb background_color=\u00a0\u00bb#ffffff\u00a0\u00bb background_size=\u00a0\u00bbinitial\u00a0\u00bb background_position=\u00a0\u00bbtop_left\u00a0\u00bb background_repeat=\u00a0\u00bbrepeat\u00a0\u00bb custom_margin=\u00a0\u00bb10px||30px|\u00a0\u00bb]<\/p>\n<p><strong>Aquaculture dans les iles Vesteralen<\/strong><br \/> \u00e9quipe 8 : La t\u00eate sur les p\u00f4les<br \/> <strong><a href=\"http:\/\/pariscapnord.fr\/live\/wp-content\/uploads\/2017\/08\/58-Reportage-Aquaculture-dans-les-iles-Vesteralen-1.pdf\">lire le reportage<\/a><\/strong><\/p>\n<p>[\/et_pb_text][et_pb_image src=\u00a0\u00bbhttp:\/\/pariscapnord.fr\/live\/wp-content\/uploads\/2017\/08\/58-Reportage-Aquaculture-dans-les-iles-Vesteralen-1.jpg\u00a0\u00bb show_in_lightbox=\u00a0\u00bbon\u00a0\u00bb use_overlay=\u00a0\u00bbon\u00a0\u00bb overlay_icon_color=\u00a0\u00bb#ffffff\u00a0\u00bb hover_overlay_color=\u00a0\u00bbrgba(39,108,242,0.78)\u00a0\u00bb animation=\u00a0\u00bboff\u00a0\u00bb sticky=\u00a0\u00bbon\u00a0\u00bb align=\u00a0\u00bbcenter\u00a0\u00bb force_fullwidth=\u00a0\u00bbon\u00a0\u00bb _builder_version=\u00a0\u00bb3.0.62&Prime;][\/et_pb_image][\/et_pb_column][et_pb_column type=\u00a0\u00bb1_3&Prime; _builder_version=\u00a0\u00bb3.0.47&Prime; column_padding_mobile=\u00a0\u00bbon\u00a0\u00bb background_color=\u00a0\u00bb#ffffff\u00a0\u00bb parallax=\u00a0\u00bboff\u00a0\u00bb parallax_method=\u00a0\u00bbon\u00a0\u00bb][et_pb_text text_orientation=\u00a0\u00bbcenter\u00a0\u00bb admin_label=\u00a0\u00bbText\u00a0\u00bb _builder_version=\u00a0\u00bb3.0.62&Prime; text_font=\u00a0\u00bb||||\u00a0\u00bb text_font_size=\u00a0\u00bb19px\u00a0\u00bb text_text_color=\u00a0\u00bb#888888&Prime; text_line_height=\u00a0\u00bb1.6em\u00a0\u00bb background_color=\u00a0\u00bb#ffffff\u00a0\u00bb background_size=\u00a0\u00bbinitial\u00a0\u00bb background_position=\u00a0\u00bbtop_left\u00a0\u00bb background_repeat=\u00a0\u00bbrepeat\u00a0\u00bb custom_margin=\u00a0\u00bb10px||30px|\u00a0\u00bb]<\/p>\n<p><strong>On a surf\u00e9 au cercle polaire !<\/strong><br \/> \u00e9quipe 10 : Les Basques<br \/> <strong><a href=\"\/live\/wp-content\/uploads\/2017\/08\/10-Reportage-On-a-surf\u00e9-au-cercle-polaire-1.jpg\">lire le reportage<\/a><\/strong><\/p>\n<p>[\/et_pb_text][et_pb_image src=\u00a0\u00bbhttp:\/\/pariscapnord.fr\/live\/wp-content\/uploads\/2017\/08\/10-Reportage-On-a-surf\u00e9-au-cercle-polaire-1.jpg\u00a0\u00bb show_in_lightbox=\u00a0\u00bbon\u00a0\u00bb use_overlay=\u00a0\u00bbon\u00a0\u00bb overlay_icon_color=\u00a0\u00bb#ffffff\u00a0\u00bb hover_overlay_color=\u00a0\u00bbrgba(39,108,242,0.78)\u00a0\u00bb animation=\u00a0\u00bboff\u00a0\u00bb sticky=\u00a0\u00bbon\u00a0\u00bb align=\u00a0\u00bbcenter\u00a0\u00bb force_fullwidth=\u00a0\u00bbon\u00a0\u00bb _builder_version=\u00a0\u00bb3.0.62&Prime;][\/et_pb_image][\/et_pb_column][\/et_pb_row][et_pb_row use_custom_gutter=\u00a0\u00bbon\u00a0\u00bb gutter_width=\u00a0\u00bb2&Prime; custom_padding=\u00a0\u00bb33px||0|\u00a0\u00bb make_equal=\u00a0\u00bbon\u00a0\u00bb column_padding_mobile=\u00a0\u00bbon\u00a0\u00bb background_color_1=\u00a0\u00bb#ffffff\u00a0\u00bb background_color_2=\u00a0\u00bb#ffffff\u00a0\u00bb background_color_3=\u00a0\u00bb#ffffff\u00a0\u00bb parallax_method_1=\u00a0\u00bboff\u00a0\u00bb parallax_method_2=\u00a0\u00bboff\u00a0\u00bb admin_label=\u00a0\u00bbRow\u00a0\u00bb _builder_version=\u00a0\u00bb3.0.62&Prime; background_size=\u00a0\u00bbinitial\u00a0\u00bb background_position=\u00a0\u00bbtop_left\u00a0\u00bb background_repeat=\u00a0\u00bbrepeat\u00a0\u00bb][et_pb_column type=\u00a0\u00bb1_3&Prime; _builder_version=\u00a0\u00bb3.0.47&Prime; column_padding_mobile=\u00a0\u00bbon\u00a0\u00bb background_color=\u00a0\u00bb#ffffff\u00a0\u00bb parallax=\u00a0\u00bboff\u00a0\u00bb parallax_method=\u00a0\u00bboff\u00a0\u00bb][et_pb_text text_orientation=\u00a0\u00bbcenter\u00a0\u00bb admin_label=\u00a0\u00bbText\u00a0\u00bb _builder_version=\u00a0\u00bb3.0.62&Prime; text_font=\u00a0\u00bb||||\u00a0\u00bb text_font_size=\u00a0\u00bb19px\u00a0\u00bb text_text_color=\u00a0\u00bb#888888&Prime; text_line_height=\u00a0\u00bb1.6em\u00a0\u00bb background_color=\u00a0\u00bb#ffffff\u00a0\u00bb background_size=\u00a0\u00bbinitial\u00a0\u00bb background_position=\u00a0\u00bbtop_left\u00a0\u00bb background_repeat=\u00a0\u00bbrepeat\u00a0\u00bb custom_margin=\u00a0\u00bb10px||30px|\u00a0\u00bb]<\/p>\n<p><strong>L&rsquo;histoire du Cap Nord<\/strong><br \/> \u00e9quipe 11 : Mayenne Cap<br \/> <strong><a href=\"\/live\/wp-content\/uploads\/2017\/08\/53-Reportage-histoire-du-cap-nord-1.pdf\">lire le reportage<\/a><\/strong><\/p>\n<p>[\/et_pb_text][et_pb_image src=\u00a0\u00bbhttp:\/\/pariscapnord.fr\/live\/wp-content\/uploads\/2017\/08\/53-Reportage-histoire-du-cap-nord-1.jpg\u00a0\u00bb show_in_lightbox=\u00a0\u00bbon\u00a0\u00bb use_overlay=\u00a0\u00bbon\u00a0\u00bb overlay_icon_color=\u00a0\u00bb#ffffff\u00a0\u00bb hover_overlay_color=\u00a0\u00bbrgba(39,108,242,0.78)\u00a0\u00bb animation=\u00a0\u00bboff\u00a0\u00bb sticky=\u00a0\u00bbon\u00a0\u00bb align=\u00a0\u00bbcenter\u00a0\u00bb force_fullwidth=\u00a0\u00bbon\u00a0\u00bb _builder_version=\u00a0\u00bb3.0.62&Prime;][\/et_pb_image][\/et_pb_column][et_pb_column type=\u00a0\u00bb1_3&Prime; _builder_version=\u00a0\u00bb3.0.47&Prime; column_padding_mobile=\u00a0\u00bbon\u00a0\u00bb background_color=\u00a0\u00bb#ffffff\u00a0\u00bb parallax=\u00a0\u00bboff\u00a0\u00bb parallax_method=\u00a0\u00bboff\u00a0\u00bb][et_pb_text text_orientation=\u00a0\u00bbcenter\u00a0\u00bb admin_label=\u00a0\u00bbText\u00a0\u00bb _builder_version=\u00a0\u00bb3.0.62&Prime; text_font=\u00a0\u00bb||||\u00a0\u00bb text_font_size=\u00a0\u00bb19px\u00a0\u00bb text_text_color=\u00a0\u00bb#888888&Prime; text_line_height=\u00a0\u00bb1.6em\u00a0\u00bb background_color=\u00a0\u00bb#ffffff\u00a0\u00bb background_size=\u00a0\u00bbinitial\u00a0\u00bb background_position=\u00a0\u00bbtop_left\u00a0\u00bb background_repeat=\u00a0\u00bbrepeat\u00a0\u00bb custom_margin=\u00a0\u00bb10px||30px|\u00a0\u00bb]<\/p>\n<p><strong>My summer holidays<\/strong><br \/> \u00e9quipe 10 : de Andrii et Yegor TYMOSHENKO<br \/> <strong><a href=\"\/live\/wp-content\/uploads\/2017\/08\/13-Reportage-MY-SUMMER-HOLIDAYS-1.pdf\">lire le reportage  EN <\/a> ou <a href=\"\/live\/wp-content\/uploads\/2017\/08\/13-\u042f\u041a-\u042f-\u041f\u0420\u041e\u0412\u0406\u0412-\u0421\u0412\u041e\u0407 \u041b\u0406\u0422\u041d\u0406-\u041a\u0410\u041d\u0406\u041a\u0423\u041b\u0418.pdf\">RS <\/a><\/strong><\/p>\n<p>[\/et_pb_text][et_pb_image src=\u00a0\u00bbhttp:\/\/pariscapnord.fr\/live\/wp-content\/uploads\/2017\/08\/13-\u042f\u041a-\u042f-\u041f\u0420\u041e\u0412\u0406\u0412-\u0421\u0412\u041e\u0407-\u041b\u0406\u0422\u041d\u0406-\u041a\u0410\u041d\u0406\u041a\u0423\u041b\u0418-1.jpg\u00a0\u00bb show_in_lightbox=\u00a0\u00bbon\u00a0\u00bb use_overlay=\u00a0\u00bbon\u00a0\u00bb overlay_icon_color=\u00a0\u00bb#ffffff\u00a0\u00bb hover_overlay_color=\u00a0\u00bbrgba(39,108,242,0.78)\u00a0\u00bb animation=\u00a0\u00bboff\u00a0\u00bb sticky=\u00a0\u00bbon\u00a0\u00bb align=\u00a0\u00bbcenter\u00a0\u00bb force_fullwidth=\u00a0\u00bbon\u00a0\u00bb _builder_version=\u00a0\u00bb3.0.62&Prime;][\/et_pb_image][\/et_pb_column][et_pb_column type=\u00a0\u00bb1_3&Prime; _builder_version=\u00a0\u00bb3.0.47&Prime; column_padding_mobile=\u00a0\u00bbon\u00a0\u00bb background_color=\u00a0\u00bb#ffffff\u00a0\u00bb parallax=\u00a0\u00bboff\u00a0\u00bb parallax_method=\u00a0\u00bbon\u00a0\u00bb][et_pb_text text_orientation=\u00a0\u00bbcenter\u00a0\u00bb admin_label=\u00a0\u00bbText\u00a0\u00bb _builder_version=\u00a0\u00bb3.0.62&Prime; text_font=\u00a0\u00bb||||\u00a0\u00bb text_font_size=\u00a0\u00bb19px\u00a0\u00bb text_text_color=\u00a0\u00bb#888888&Prime; text_line_height=\u00a0\u00bb1.6em\u00a0\u00bb background_color=\u00a0\u00bb#ffffff\u00a0\u00bb background_size=\u00a0\u00bbinitial\u00a0\u00bb background_position=\u00a0\u00bbtop_left\u00a0\u00bb background_repeat=\u00a0\u00bbrepeat\u00a0\u00bb custom_margin=\u00a0\u00bb10px||30px|\u00a0\u00bb]<\/p>\n<p><strong>Scandinavie contemporaine<\/strong><br \/> \u00e9quipe 15 : Pousse pousse 57<br \/> <strong><a href=\"\/live\/wp-content\/uploads\/2017\/08\/15-Reportage-Scandinavie-contemporaire-1.pdf\">lire le reportage <\/a><a href=\"\/live\/wp-content\/uploads\/2017\/08\/13-\u042f\u041a-\u042f-\u041f\u0420\u041e\u0412\u0406\u0412-\u0421\u0412\u041e\u0407 \u041b\u0406\u0422\u041d\u0406-\u041a\u0410\u041d\u0406\u041a\u0423\u041b\u0418.pdf\"><\/a><\/strong><\/p>\n<p>[\/et_pb_text][et_pb_image src=\u00a0\u00bb\/live\/wp-content\/uploads\/2017\/08\/15-Reportage-Scandinavie-contemporaire-1.jpg\u00a0\u00bb show_in_lightbox=\u00a0\u00bbon\u00a0\u00bb use_overlay=\u00a0\u00bbon\u00a0\u00bb overlay_icon_color=\u00a0\u00bb#ffffff\u00a0\u00bb hover_overlay_color=\u00a0\u00bbrgba(39,108,242,0.78)\u00a0\u00bb animation=\u00a0\u00bboff\u00a0\u00bb sticky=\u00a0\u00bbon\u00a0\u00bb align=\u00a0\u00bbcenter\u00a0\u00bb force_fullwidth=\u00a0\u00bbon\u00a0\u00bb _builder_version=\u00a0\u00bb3.0.62&Prime;][\/et_pb_image][\/et_pb_column][\/et_pb_row][et_pb_row use_custom_gutter=\u00a0\u00bbon\u00a0\u00bb gutter_width=\u00a0\u00bb2&Prime; custom_padding=\u00a0\u00bb33px||0|\u00a0\u00bb make_equal=\u00a0\u00bbon\u00a0\u00bb column_padding_mobile=\u00a0\u00bbon\u00a0\u00bb background_color_1=\u00a0\u00bb#ffffff\u00a0\u00bb background_color_2=\u00a0\u00bb#ffffff\u00a0\u00bb background_color_3=\u00a0\u00bb#ffffff\u00a0\u00bb parallax_method_1=\u00a0\u00bboff\u00a0\u00bb parallax_method_2=\u00a0\u00bboff\u00a0\u00bb admin_label=\u00a0\u00bbRow\u00a0\u00bb _builder_version=\u00a0\u00bb3.0.62&Prime; background_size=\u00a0\u00bbinitial\u00a0\u00bb background_position=\u00a0\u00bbtop_left\u00a0\u00bb background_repeat=\u00a0\u00bbrepeat\u00a0\u00bb][et_pb_column type=\u00a0\u00bb1_3&Prime; _builder_version=\u00a0\u00bb3.0.47&Prime; column_padding_mobile=\u00a0\u00bbon\u00a0\u00bb background_color=\u00a0\u00bb#ffffff\u00a0\u00bb parallax=\u00a0\u00bboff\u00a0\u00bb parallax_method=\u00a0\u00bboff\u00a0\u00bb][et_pb_text text_orientation=\u00a0\u00bbcenter\u00a0\u00bb admin_label=\u00a0\u00bbText\u00a0\u00bb _builder_version=\u00a0\u00bb3.0.62&Prime; text_font=\u00a0\u00bb||||\u00a0\u00bb text_font_size=\u00a0\u00bb19px\u00a0\u00bb text_text_color=\u00a0\u00bb#888888&Prime; text_line_height=\u00a0\u00bb1.6em\u00a0\u00bb background_color=\u00a0\u00bb#ffffff\u00a0\u00bb background_size=\u00a0\u00bbinitial\u00a0\u00bb background_position=\u00a0\u00bbtop_left\u00a0\u00bb background_repeat=\u00a0\u00bbrepeat\u00a0\u00bb custom_margin=\u00a0\u00bb10px||30px|\u00a0\u00bb]<\/p>\n<p><strong>Painting or not aux iles Lofoten<\/strong><br \/> \u00e9quipe 16 : Image in<br \/> <strong><a href=\"\/live\/wp-content\/uploads\/2017\/08\/16-Reportage-PAINTING-OR-NOT-AUX-ILES-LOFOTEN-1.pdf\">lire le reportage <\/a><a href=\"\/live\/wp-content\/uploads\/2017\/08\/13-\u042f\u041a-\u042f-\u041f\u0420\u041e\u0412\u0406\u0412-\u0421\u0412\u041e\u0407 \u041b\u0406\u0422\u041d\u0406-\u041a\u0410\u041d\u0406\u041a\u0423\u041b\u0418.pdf\"><\/a><\/strong><\/p>\n<p>[\/et_pb_text][et_pb_image src=\u00a0\u00bbhttp:\/\/pariscapnord.fr\/live\/wp-content\/uploads\/2017\/08\/16-Reportage-PAINTING-OR-NOT-AUX-ILES-LOFOTEN-1.jpg\u00a0\u00bb show_in_lightbox=\u00a0\u00bbon\u00a0\u00bb use_overlay=\u00a0\u00bbon\u00a0\u00bb overlay_icon_color=\u00a0\u00bb#ffffff\u00a0\u00bb hover_overlay_color=\u00a0\u00bbrgba(39,108,242,0.78)\u00a0\u00bb animation=\u00a0\u00bboff\u00a0\u00bb sticky=\u00a0\u00bbon\u00a0\u00bb align=\u00a0\u00bbcenter\u00a0\u00bb force_fullwidth=\u00a0\u00bbon\u00a0\u00bb _builder_version=\u00a0\u00bb3.0.62&Prime;][\/et_pb_image][\/et_pb_column][et_pb_column type=\u00a0\u00bb1_3&Prime; _builder_version=\u00a0\u00bb3.0.47&Prime; column_padding_mobile=\u00a0\u00bbon\u00a0\u00bb background_color=\u00a0\u00bb#ffffff\u00a0\u00bb parallax=\u00a0\u00bboff\u00a0\u00bb parallax_method=\u00a0\u00bboff\u00a0\u00bb][et_pb_text text_orientation=\u00a0\u00bbcenter\u00a0\u00bb admin_label=\u00a0\u00bbText\u00a0\u00bb _builder_version=\u00a0\u00bb3.0.62&Prime; text_font=\u00a0\u00bb||||\u00a0\u00bb text_font_size=\u00a0\u00bb19px\u00a0\u00bb text_text_color=\u00a0\u00bb#888888&Prime; text_line_height=\u00a0\u00bb1.6em\u00a0\u00bb background_color=\u00a0\u00bb#ffffff\u00a0\u00bb background_size=\u00a0\u00bbinitial\u00a0\u00bb background_position=\u00a0\u00bbtop_left\u00a0\u00bb background_repeat=\u00a0\u00bbrepeat\u00a0\u00bb custom_margin=\u00a0\u00bb10px||30px|\u00a0\u00bb]<\/p>\n<p><strong>????<\/strong><br \/> \u00e9quipe 19 : Combi girls<br \/> <strong><a href=\"#\">lire le reportage<\/a><\/strong><\/p>\n<p>[\/et_pb_text][et_pb_image src=\u00a0\u00bbhttp:\/\/pariscapnord.fr\/live\/wp-content\/uploads\/2017\/07\/05-07.jpg\u00a0\u00bb show_in_lightbox=\u00a0\u00bbon\u00a0\u00bb use_overlay=\u00a0\u00bbon\u00a0\u00bb overlay_icon_color=\u00a0\u00bb#ffffff\u00a0\u00bb hover_overlay_color=\u00a0\u00bbrgba(39,108,242,0.78)\u00a0\u00bb animation=\u00a0\u00bboff\u00a0\u00bb sticky=\u00a0\u00bbon\u00a0\u00bb align=\u00a0\u00bbcenter\u00a0\u00bb force_fullwidth=\u00a0\u00bbon\u00a0\u00bb _builder_version=\u00a0\u00bb3.0.47&Prime;][\/et_pb_image][\/et_pb_column][et_pb_column type=\u00a0\u00bb1_3&Prime; _builder_version=\u00a0\u00bb3.0.47&Prime; column_padding_mobile=\u00a0\u00bbon\u00a0\u00bb background_color=\u00a0\u00bb#ffffff\u00a0\u00bb parallax=\u00a0\u00bboff\u00a0\u00bb parallax_method=\u00a0\u00bbon\u00a0\u00bb][et_pb_text text_orientation=\u00a0\u00bbcenter\u00a0\u00bb admin_label=\u00a0\u00bbText\u00a0\u00bb _builder_version=\u00a0\u00bb3.0.62&Prime; text_font=\u00a0\u00bb||||\u00a0\u00bb text_font_size=\u00a0\u00bb19px\u00a0\u00bb text_text_color=\u00a0\u00bb#888888&Prime; text_line_height=\u00a0\u00bb1.6em\u00a0\u00bb background_color=\u00a0\u00bb#ffffff\u00a0\u00bb background_size=\u00a0\u00bbinitial\u00a0\u00bb background_position=\u00a0\u00bbtop_left\u00a0\u00bb background_repeat=\u00a0\u00bbrepeat\u00a0\u00bb custom_margin=\u00a0\u00bb10px||30px|\u00a0\u00bb]<\/p>\n<p><strong>Rencontre entre tradition <br \/>et modernit\u00e9<\/strong><br \/> \u00e9quipe 20 : Perds pas l&rsquo;Cap<br \/> <strong><a href=\"\/live\/wp-content\/uploads\/2017\/08\/16-Reportage-PAINTING-OR-NOT-AUX-ILES-LOFOTEN-1.pdf\">lire le reportage <\/a><\/strong><\/p>\n<p>[\/et_pb_text][et_pb_image src=\u00a0\u00bbhttp:\/\/pariscapnord.fr\/live\/wp-content\/uploads\/2017\/08\/20-Reportage-Rencontre-entre-tradition-et-modernit\u00e9-1.jpg\u00a0\u00bb show_in_lightbox=\u00a0\u00bbon\u00a0\u00bb use_overlay=\u00a0\u00bbon\u00a0\u00bb overlay_icon_color=\u00a0\u00bb#ffffff\u00a0\u00bb hover_overlay_color=\u00a0\u00bbrgba(39,108,242,0.78)\u00a0\u00bb animation=\u00a0\u00bboff\u00a0\u00bb sticky=\u00a0\u00bbon\u00a0\u00bb align=\u00a0\u00bbcenter\u00a0\u00bb force_fullwidth=\u00a0\u00bbon\u00a0\u00bb _builder_version=\u00a0\u00bb3.0.62&Prime;][\/et_pb_image][\/et_pb_column][\/et_pb_row][et_pb_row use_custom_gutter=\u00a0\u00bbon\u00a0\u00bb gutter_width=\u00a0\u00bb2&Prime; custom_padding=\u00a0\u00bb33px||0|\u00a0\u00bb make_equal=\u00a0\u00bbon\u00a0\u00bb column_padding_mobile=\u00a0\u00bbon\u00a0\u00bb background_color_1=\u00a0\u00bb#ffffff\u00a0\u00bb background_color_2=\u00a0\u00bb#ffffff\u00a0\u00bb background_color_3=\u00a0\u00bb#ffffff\u00a0\u00bb parallax_method_1=\u00a0\u00bboff\u00a0\u00bb parallax_method_2=\u00a0\u00bboff\u00a0\u00bb admin_label=\u00a0\u00bbRow\u00a0\u00bb _builder_version=\u00a0\u00bb3.0.62&Prime; background_size=\u00a0\u00bbinitial\u00a0\u00bb background_position=\u00a0\u00bbtop_left\u00a0\u00bb background_repeat=\u00a0\u00bbrepeat\u00a0\u00bb][et_pb_column type=\u00a0\u00bb1_3&Prime; _builder_version=\u00a0\u00bb3.0.47&Prime; column_padding_mobile=\u00a0\u00bbon\u00a0\u00bb background_color=\u00a0\u00bb#ffffff\u00a0\u00bb parallax=\u00a0\u00bboff\u00a0\u00bb parallax_method=\u00a0\u00bboff\u00a0\u00bb][et_pb_text text_orientation=\u00a0\u00bbcenter\u00a0\u00bb admin_label=\u00a0\u00bbText\u00a0\u00bb _builder_version=\u00a0\u00bb3.0.62&Prime; text_font=\u00a0\u00bb||||\u00a0\u00bb text_font_size=\u00a0\u00bb19px\u00a0\u00bb text_text_color=\u00a0\u00bb#888888&Prime; text_line_height=\u00a0\u00bb1.6em\u00a0\u00bb background_color=\u00a0\u00bb#ffffff\u00a0\u00bb background_size=\u00a0\u00bbinitial\u00a0\u00bb background_position=\u00a0\u00bbtop_left\u00a0\u00bb background_repeat=\u00a0\u00bbrepeat\u00a0\u00bb custom_margin=\u00a0\u00bb10px||30px|\u00a0\u00bb]<\/p>\n<p><strong>Kiruna une union qui arrange<\/strong><br \/> \u00e9quipe 21 : 504 (nor) Ways to north cape<br \/> <strong><a href=\"\/live\/wp-content\/uploads\/2017\/08\/16-Reportage-PAINTING-OR-NOT-AUX-ILES-LOFOTEN-1.pdf\">lire le reportage <\/a><a href=\"\/live\/wp-content\/uploads\/2017\/08\/21-Reportage-Kiruna-une-union-qui-arrange-1.PDF\"><\/a><\/strong><\/p>\n<p>[\/et_pb_text][et_pb_image src=\u00a0\u00bbhttp:\/\/pariscapnord.fr\/live\/wp-content\/uploads\/2017\/08\/21-Reportage-Kiruna-une-union-qui-arrange-1.jpg\u00a0\u00bb show_in_lightbox=\u00a0\u00bbon\u00a0\u00bb use_overlay=\u00a0\u00bbon\u00a0\u00bb overlay_icon_color=\u00a0\u00bb#ffffff\u00a0\u00bb hover_overlay_color=\u00a0\u00bbrgba(39,108,242,0.78)\u00a0\u00bb animation=\u00a0\u00bboff\u00a0\u00bb sticky=\u00a0\u00bbon\u00a0\u00bb align=\u00a0\u00bbcenter\u00a0\u00bb force_fullwidth=\u00a0\u00bbon\u00a0\u00bb _builder_version=\u00a0\u00bb3.0.62&Prime;][\/et_pb_image][\/et_pb_column][et_pb_column type=\u00a0\u00bb1_3&Prime; _builder_version=\u00a0\u00bb3.0.47&Prime; column_padding_mobile=\u00a0\u00bbon\u00a0\u00bb background_color=\u00a0\u00bb#ffffff\u00a0\u00bb parallax=\u00a0\u00bboff\u00a0\u00bb parallax_method=\u00a0\u00bboff\u00a0\u00bb][et_pb_text text_orientation=\u00a0\u00bbcenter\u00a0\u00bb admin_label=\u00a0\u00bbText\u00a0\u00bb _builder_version=\u00a0\u00bb3.0.62&Prime; text_font=\u00a0\u00bb||||\u00a0\u00bb text_font_size=\u00a0\u00bb19px\u00a0\u00bb text_text_color=\u00a0\u00bb#888888&Prime; text_line_height=\u00a0\u00bb1.6em\u00a0\u00bb background_color=\u00a0\u00bb#ffffff\u00a0\u00bb background_size=\u00a0\u00bbinitial\u00a0\u00bb background_position=\u00a0\u00bbtop_left\u00a0\u00bb background_repeat=\u00a0\u00bbrepeat\u00a0\u00bb custom_margin=\u00a0\u00bb10px||30px|\u00a0\u00bb]<\/p>\n<p><strong>Rencontre entre tradition <br \/>et modernit\u00e9<\/strong><br \/> \u00e9quipe 22 : M\u00e9thane hurlant<br \/> <strong><a href=\"\/live\/wp-content\/uploads\/2017\/08\/22-Reportage-Samis-dernier-peuple-autochtone-Europe-vs-chgt-climat-1.pdf\">lire le reportage <\/a><\/strong><\/p>\n<p>[\/et_pb_text][et_pb_image src=\u00a0\u00bbhttp:\/\/pariscapnord.fr\/live\/wp-content\/uploads\/2017\/08\/22-Reportage-Samis-dernier-peuple-autochtone-Europe-vs-chgt-climat-1.jpg\u00a0\u00bb show_in_lightbox=\u00a0\u00bbon\u00a0\u00bb use_overlay=\u00a0\u00bbon\u00a0\u00bb overlay_icon_color=\u00a0\u00bb#ffffff\u00a0\u00bb hover_overlay_color=\u00a0\u00bbrgba(39,108,242,0.78)\u00a0\u00bb animation=\u00a0\u00bboff\u00a0\u00bb sticky=\u00a0\u00bbon\u00a0\u00bb align=\u00a0\u00bbcenter\u00a0\u00bb force_fullwidth=\u00a0\u00bbon\u00a0\u00bb _builder_version=\u00a0\u00bb3.0.62&Prime;][\/et_pb_image][\/et_pb_column][et_pb_column type=\u00a0\u00bb1_3&Prime; _builder_version=\u00a0\u00bb3.0.47&Prime; column_padding_mobile=\u00a0\u00bbon\u00a0\u00bb background_color=\u00a0\u00bb#ffffff\u00a0\u00bb parallax=\u00a0\u00bboff\u00a0\u00bb parallax_method=\u00a0\u00bbon\u00a0\u00bb][et_pb_text text_orientation=\u00a0\u00bbcenter\u00a0\u00bb admin_label=\u00a0\u00bbText\u00a0\u00bb _builder_version=\u00a0\u00bb3.0.62&Prime; text_font=\u00a0\u00bb||||\u00a0\u00bb text_font_size=\u00a0\u00bb19px\u00a0\u00bb text_text_color=\u00a0\u00bb#888888&Prime; text_line_height=\u00a0\u00bb1.6em\u00a0\u00bb background_color=\u00a0\u00bb#ffffff\u00a0\u00bb background_size=\u00a0\u00bbinitial\u00a0\u00bb background_position=\u00a0\u00bbtop_left\u00a0\u00bb background_repeat=\u00a0\u00bbrepeat\u00a0\u00bb custom_margin=\u00a0\u00bb10px||30px|\u00a0\u00bb]<\/p>\n<p><b>Moustique mon amour<\/b><br \/> \u00e9quipe 23 : Raideurs articulaires<br \/> <strong><a href=\"\/live\/wp-content\/uploads\/2017\/08\/23-Reportage-Moustique-mon-amour-1.pdf\">lire le reportage <\/a><\/strong><\/p>\n<p>[\/et_pb_text][et_pb_image src=\u00a0\u00bbhttp:\/\/pariscapnord.fr\/live\/wp-content\/uploads\/2017\/08\/23-Reportage-Moustique-mon-amour-1.jpg\u00a0\u00bb show_in_lightbox=\u00a0\u00bbon\u00a0\u00bb use_overlay=\u00a0\u00bbon\u00a0\u00bb overlay_icon_color=\u00a0\u00bb#ffffff\u00a0\u00bb hover_overlay_color=\u00a0\u00bbrgba(39,108,242,0.78)\u00a0\u00bb animation=\u00a0\u00bboff\u00a0\u00bb sticky=\u00a0\u00bbon\u00a0\u00bb align=\u00a0\u00bbcenter\u00a0\u00bb force_fullwidth=\u00a0\u00bbon\u00a0\u00bb _builder_version=\u00a0\u00bb3.0.62&Prime;][\/et_pb_image][\/et_pb_column][\/et_pb_row][et_pb_row use_custom_gutter=\u00a0\u00bbon\u00a0\u00bb gutter_width=\u00a0\u00bb2&Prime; custom_padding=\u00a0\u00bb33px||100px|\u00a0\u00bb padding_mobile=\u00a0\u00bbon\u00a0\u00bb make_equal=\u00a0\u00bbon\u00a0\u00bb column_padding_mobile=\u00a0\u00bbon\u00a0\u00bb background_color_1=\u00a0\u00bb#ffffff\u00a0\u00bb background_color_2=\u00a0\u00bb#ffffff\u00a0\u00bb background_color_3=\u00a0\u00bb#ffffff\u00a0\u00bb parallax_method_1=\u00a0\u00bboff\u00a0\u00bb parallax_method_2=\u00a0\u00bboff\u00a0\u00bb admin_label=\u00a0\u00bbRow\u00a0\u00bb _builder_version=\u00a0\u00bb3.0.62&Prime; background_size=\u00a0\u00bbinitial\u00a0\u00bb background_position=\u00a0\u00bbtop_left\u00a0\u00bb background_repeat=\u00a0\u00bbrepeat\u00a0\u00bb][et_pb_column type=\u00a0\u00bb1_3&Prime; _builder_version=\u00a0\u00bb3.0.47&Prime; column_padding_mobile=\u00a0\u00bbon\u00a0\u00bb background_color=\u00a0\u00bb#ffffff\u00a0\u00bb parallax=\u00a0\u00bboff\u00a0\u00bb parallax_method=\u00a0\u00bboff\u00a0\u00bb][et_pb_text text_orientation=\u00a0\u00bbcenter\u00a0\u00bb admin_label=\u00a0\u00bbText\u00a0\u00bb _builder_version=\u00a0\u00bb3.0.62&Prime; text_font=\u00a0\u00bb||||\u00a0\u00bb text_font_size=\u00a0\u00bb19px\u00a0\u00bb text_text_color=\u00a0\u00bb#888888&Prime; text_line_height=\u00a0\u00bb1.6em\u00a0\u00bb background_color=\u00a0\u00bb#ffffff\u00a0\u00bb background_size=\u00a0\u00bbinitial\u00a0\u00bb background_position=\u00a0\u00bbtop_left\u00a0\u00bb background_repeat=\u00a0\u00bbrepeat\u00a0\u00bb custom_margin=\u00a0\u00bb10px||30px|\u00a0\u00bb]<\/p>\n<p><b>La culture des framboises <br \/>en Norv\u00e8ge<\/b><br \/> \u00e9quipe 24 : Tortue Breizh kat kat<br \/> <strong><a href=\"\/live\/wp-content\/uploads\/2017\/08\/24-Reportage-La-culture-des-framboises-en-Norvege-1.pdf\">lire le reportage <\/a><\/strong><\/p>\n<p>[\/et_pb_text][et_pb_image src=\u00a0\u00bbhttp:\/\/pariscapnord.fr\/live\/wp-content\/uploads\/2017\/08\/24-Reportage-La-culture-des-framboises-en-Norvege-1.jpg\u00a0\u00bb show_in_lightbox=\u00a0\u00bbon\u00a0\u00bb use_overlay=\u00a0\u00bbon\u00a0\u00bb overlay_icon_color=\u00a0\u00bb#ffffff\u00a0\u00bb hover_overlay_color=\u00a0\u00bbrgba(39,108,242,0.78)\u00a0\u00bb animation=\u00a0\u00bboff\u00a0\u00bb sticky=\u00a0\u00bbon\u00a0\u00bb align=\u00a0\u00bbcenter\u00a0\u00bb force_fullwidth=\u00a0\u00bbon\u00a0\u00bb _builder_version=\u00a0\u00bb3.0.62&Prime;][\/et_pb_image][\/et_pb_column][et_pb_column type=\u00a0\u00bb1_3&Prime; _builder_version=\u00a0\u00bb3.0.47&Prime; column_padding_mobile=\u00a0\u00bbon\u00a0\u00bb background_color=\u00a0\u00bb#ffffff\u00a0\u00bb parallax=\u00a0\u00bboff\u00a0\u00bb parallax_method=\u00a0\u00bboff\u00a0\u00bb][et_pb_text text_orientation=\u00a0\u00bbcenter\u00a0\u00bb admin_label=\u00a0\u00bbText\u00a0\u00bb _builder_version=\u00a0\u00bb3.0.62&Prime; text_font=\u00a0\u00bb||||\u00a0\u00bb text_font_size=\u00a0\u00bb19px\u00a0\u00bb text_text_color=\u00a0\u00bb#888888&Prime; text_line_height=\u00a0\u00bb1.6em\u00a0\u00bb background_color=\u00a0\u00bb#ffffff\u00a0\u00bb background_size=\u00a0\u00bbinitial\u00a0\u00bb background_position=\u00a0\u00bbtop_left\u00a0\u00bb background_repeat=\u00a0\u00bbrepeat\u00a0\u00bb custom_margin=\u00a0\u00bb10px||30px|\u00a0\u00bb]<\/p>\n<p><b>Ofotbanen Malmbanan <br \/>La ligne du minerai de fer<\/b><br \/> \u00e9quipe 25 : Le cri du Lama<br \/> <strong><a href=\"\/live\/wp-content\/uploads\/2017\/08\/25-Reportage-Ofotbanen-Malmbanan-La-ligne-du-minerai-de-fer-1.pdf\">lire le reportage <\/a><\/strong><\/p>\n<p>[\/et_pb_text][et_pb_image src=\u00a0\u00bbhttp:\/\/pariscapnord.fr\/live\/wp-content\/uploads\/2017\/08\/25-Reportage-Ofotbanen-Malmbanan-La-ligne-du-minerai-de-fer-1.jpg\u00a0\u00bb show_in_lightbox=\u00a0\u00bbon\u00a0\u00bb use_overlay=\u00a0\u00bbon\u00a0\u00bb overlay_icon_color=\u00a0\u00bb#ffffff\u00a0\u00bb hover_overlay_color=\u00a0\u00bbrgba(39,108,242,0.78)\u00a0\u00bb animation=\u00a0\u00bboff\u00a0\u00bb sticky=\u00a0\u00bbon\u00a0\u00bb align=\u00a0\u00bbcenter\u00a0\u00bb force_fullwidth=\u00a0\u00bbon\u00a0\u00bb _builder_version=\u00a0\u00bb3.0.62&Prime;][\/et_pb_image][\/et_pb_column][et_pb_column type=\u00a0\u00bb1_3&Prime; _builder_version=\u00a0\u00bb3.0.47&Prime; column_padding_mobile=\u00a0\u00bbon\u00a0\u00bb background_color=\u00a0\u00bb#ffffff\u00a0\u00bb parallax=\u00a0\u00bboff\u00a0\u00bb parallax_method=\u00a0\u00bbon\u00a0\u00bb][et_pb_text text_orientation=\u00a0\u00bbcenter\u00a0\u00bb admin_label=\u00a0\u00bbText\u00a0\u00bb _builder_version=\u00a0\u00bb3.0.62&Prime; text_font=\u00a0\u00bb||||\u00a0\u00bb text_font_size=\u00a0\u00bb19px\u00a0\u00bb text_text_color=\u00a0\u00bb#888888&Prime; text_line_height=\u00a0\u00bb1.6em\u00a0\u00bb background_color=\u00a0\u00bb#ffffff\u00a0\u00bb background_size=\u00a0\u00bbinitial\u00a0\u00bb background_position=\u00a0\u00bbtop_left\u00a0\u00bb background_repeat=\u00a0\u00bbrepeat\u00a0\u00bb custom_margin=\u00a0\u00bb10px||30px|\u00a0\u00bb]<\/p>\n<p><b>KayaKinLofoten<\/b><br \/> \u00e9quipe 26 : Han solo CTT<br \/> <strong><a href=\"\/live\/wp-content\/uploads\/2017\/08\/26-Reportage-KayaKinLofoten-1.pdf\">lire le reportage <\/a><\/strong><\/p>\n<p>[\/et_pb_text][et_pb_image src=\u00a0\u00bbhttp:\/\/pariscapnord.fr\/live\/wp-content\/uploads\/2017\/08\/26-Reportage-KayaKinLofoten-1.jpg\u00a0\u00bb show_in_lightbox=\u00a0\u00bbon\u00a0\u00bb use_overlay=\u00a0\u00bbon\u00a0\u00bb overlay_icon_color=\u00a0\u00bb#ffffff\u00a0\u00bb hover_overlay_color=\u00a0\u00bbrgba(39,108,242,0.78)\u00a0\u00bb animation=\u00a0\u00bboff\u00a0\u00bb sticky=\u00a0\u00bbon\u00a0\u00bb align=\u00a0\u00bbcenter\u00a0\u00bb force_fullwidth=\u00a0\u00bbon\u00a0\u00bb _builder_version=\u00a0\u00bb3.0.62&Prime;][\/et_pb_image][\/et_pb_column][\/et_pb_row][\/et_pb_section]<\/p>\n","protected":false},"excerpt":{"rendered":"<p>[et_pb_section fb_built=\u00a0\u00bb1&Prime; background_color=\u00a0\u00bb#e09900&Prime; padding_mobile=\u00a0\u00bboff\u00a0\u00bb admin_label=\u00a0\u00bbsection\u00a0\u00bb _builder_version=\u00a0\u00bb3.0.62&Prime;][et_pb_row _builder_version=\u00a0\u00bb3.0.62&Prime;][et_pb_column type=\u00a0\u00bb4_4&Prime; _builder_version=\u00a0\u00bb3.0.47&Prime; parallax=\u00a0\u00bboff\u00a0\u00bb parallax_method=\u00a0\u00bbon\u00a0\u00bb][et_pb_text background_layout=\u00a0\u00bbdark\u00a0\u00bb _builder_version=\u00a0\u00bb3.0.62&Prime; text_font_size=\u00a0\u00bb21px\u00a0\u00bb] Reportage \u00e9crit sur un th\u00e8me libre [\/et_pb_text][\/et_pb_column][\/et_pb_row][\/et_pb_section][et_pb_section fb_built=\u00a0\u00bb1&Prime; background_color=\u00a0\u00bb#f9f9f9&Prime; custom_padding=\u00a0\u00bb54px|0px|54px|0px\u00a0\u00bb _builder_version=\u00a0\u00bb3.0.47&Prime;][et_pb_row use_custom_gutter=\u00a0\u00bbon\u00a0\u00bb gutter_width=\u00a0\u00bb2&Prime; custom_padding=\u00a0\u00bb30px||0px|\u00a0\u00bb padding_mobile=\u00a0\u00bbon\u00a0\u00bb make_equal=\u00a0\u00bbon\u00a0\u00bb column_padding_mobile=\u00a0\u00bbon\u00a0\u00bb background_color_1=\u00a0\u00bb#ffffff\u00a0\u00bb background_color_2=\u00a0\u00bb#ffffff\u00a0\u00bb background_color_3=\u00a0\u00bb#ffffff\u00a0\u00bb parallax_method_1=\u00a0\u00bboff\u00a0\u00bb parallax_method_2=\u00a0\u00bboff\u00a0\u00bb admin_label=\u00a0\u00bbRow\u00a0\u00bb _builder_version=\u00a0\u00bb3.0.62&Prime; background_size=\u00a0\u00bbinitial\u00a0\u00bb background_position=\u00a0\u00bbtop_left\u00a0\u00bb background_repeat=\u00a0\u00bbrepeat\u00a0\u00bb][et_pb_column type=\u00a0\u00bb1_3&Prime; _builder_version=\u00a0\u00bb3.0.47&Prime; column_padding_mobile=\u00a0\u00bbon\u00a0\u00bb background_color=\u00a0\u00bb#ffffff\u00a0\u00bb parallax=\u00a0\u00bboff\u00a0\u00bb parallax_method=\u00a0\u00bboff\u00a0\u00bb][et_pb_text text_orientation=\u00a0\u00bbcenter\u00a0\u00bb admin_label=\u00a0\u00bbText\u00a0\u00bb _builder_version=\u00a0\u00bb3.0.62&Prime; text_font=\u00a0\u00bb||||\u00a0\u00bb text_font_size=\u00a0\u00bb19px\u00a0\u00bb text_text_color=\u00a0\u00bb#888888&Prime; text_line_height=\u00a0\u00bb1.6em\u00a0\u00bb background_color=\u00a0\u00bb#ffffff\u00a0\u00bb [&hellip;]<\/p>\n","protected":false},"author":1,"featured_media":0,"comment_status":"closed","ping_status":"closed","sticky":false,"template":"","format":"standard","meta":[],"categories":[1],"tags":[],"yoast_head":"<!-- This site is optimized with the Yoast SEO plugin v14.9 - https:\/\/yoast.com\/wordpress\/plugins\/seo\/ -->\n<title>D\u00e9couvrez les reportages des \u00e9quipes du 18\u00e8me Raid Paris Cap Nord - Live du raid Paris Cap Nord<\/title>\n<meta name=\"robots\" content=\"index, follow, max-snippet:-1, max-image-preview:large, max-video-preview:-1\" \/>\n<link rel=\"canonical\" href=\"http:\/\/pariscapnord.fr\/live\/reportages-equipes-18eme-raid-paris-cap-nord\/\" \/>\n<meta property=\"og:locale\" content=\"fr_FR\" \/>\n<meta property=\"og:type\" content=\"article\" \/>\n<meta property=\"og:title\" content=\"D\u00e9couvrez les reportages des \u00e9quipes du 18\u00e8me Raid Paris Cap Nord - Live du raid Paris Cap Nord\" \/>\n<meta property=\"og:description\" content=\"[et_pb_section fb_built=\u00a0\u00bb1&Prime; background_color=\u00a0\u00bb#e09900&Prime; padding_mobile=\u00a0\u00bboff\u00a0\u00bb admin_label=\u00a0\u00bbsection\u00a0\u00bb _builder_version=\u00a0\u00bb3.0.62&Prime;][et_pb_row _builder_version=\u00a0\u00bb3.0.62&Prime;][et_pb_column type=\u00a0\u00bb4_4&Prime; _builder_version=\u00a0\u00bb3.0.47&Prime; parallax=\u00a0\u00bboff\u00a0\u00bb parallax_method=\u00a0\u00bbon\u00a0\u00bb][et_pb_text background_layout=\u00a0\u00bbdark\u00a0\u00bb _builder_version=\u00a0\u00bb3.0.62&Prime; text_font_size=\u00a0\u00bb21px\u00a0\u00bb] Reportage \u00e9crit sur un th\u00e8me libre [\/et_pb_text][\/et_pb_column][\/et_pb_row][\/et_pb_section][et_pb_section fb_built=\u00a0\u00bb1&Prime; background_color=\u00a0\u00bb#f9f9f9&Prime; custom_padding=\u00a0\u00bb54px|0px|54px|0px\u00a0\u00bb _builder_version=\u00a0\u00bb3.0.47&Prime;][et_pb_row use_custom_gutter=\u00a0\u00bbon\u00a0\u00bb gutter_width=\u00a0\u00bb2&Prime; custom_padding=\u00a0\u00bb30px||0px|\u00a0\u00bb padding_mobile=\u00a0\u00bbon\u00a0\u00bb make_equal=\u00a0\u00bbon\u00a0\u00bb column_padding_mobile=\u00a0\u00bbon\u00a0\u00bb background_color_1=\u00a0\u00bb#ffffff\u00a0\u00bb background_color_2=\u00a0\u00bb#ffffff\u00a0\u00bb background_color_3=\u00a0\u00bb#ffffff\u00a0\u00bb parallax_method_1=\u00a0\u00bboff\u00a0\u00bb parallax_method_2=\u00a0\u00bboff\u00a0\u00bb admin_label=\u00a0\u00bbRow\u00a0\u00bb _builder_version=\u00a0\u00bb3.0.62&Prime; background_size=\u00a0\u00bbinitial\u00a0\u00bb background_position=\u00a0\u00bbtop_left\u00a0\u00bb background_repeat=\u00a0\u00bbrepeat\u00a0\u00bb][et_pb_column type=\u00a0\u00bb1_3&Prime; _builder_version=\u00a0\u00bb3.0.47&Prime; column_padding_mobile=\u00a0\u00bbon\u00a0\u00bb background_color=\u00a0\u00bb#ffffff\u00a0\u00bb parallax=\u00a0\u00bboff\u00a0\u00bb parallax_method=\u00a0\u00bboff\u00a0\u00bb][et_pb_text text_orientation=\u00a0\u00bbcenter\u00a0\u00bb admin_label=\u00a0\u00bbText\u00a0\u00bb _builder_version=\u00a0\u00bb3.0.62&Prime; text_font=\u00a0\u00bb||||\u00a0\u00bb text_font_size=\u00a0\u00bb19px\u00a0\u00bb text_text_color=\u00a0\u00bb#888888&Prime; text_line_height=\u00a0\u00bb1.6em\u00a0\u00bb background_color=\u00a0\u00bb#ffffff\u00a0\u00bb [&hellip;]\" \/>\n<meta property=\"og:url\" content=\"http:\/\/pariscapnord.fr\/live\/reportages-equipes-18eme-raid-paris-cap-nord\/\" \/>\n<meta property=\"og:site_name\" content=\"Live du raid Paris Cap Nord\" \/>\n<meta property=\"article:published_time\" content=\"2017-08-30T23:49:11+00:00\" \/>\n<meta property=\"article:modified_time\" content=\"2017-08-31T00:27:22+00:00\" \/>\n<meta name=\"twitter:card\" content=\"summary\" \/>\n<script type=\"application\/ld+json\" class=\"yoast-schema-graph\">{\"@context\":\"https:\/\/schema.org\",\"@graph\":[{\"@type\":\"WebSite\",\"@id\":\"https:\/\/pariscapnord.fr\/live\/#website\",\"url\":\"https:\/\/pariscapnord.fr\/live\/\",\"name\":\"Live du raid Paris Cap Nord\",\"description\":\"Suivez l\\u2019aventure de tous les \\u00e9quipages du raid Paris Cap Nord \\u00e9dition 2017\",\"potentialAction\":[{\"@type\":\"SearchAction\",\"target\":\"https:\/\/pariscapnord.fr\/live\/?s={search_term_string}\",\"query-input\":\"required name=search_term_string\"}],\"inLanguage\":\"fr-FR\"},{\"@type\":\"WebPage\",\"@id\":\"http:\/\/pariscapnord.fr\/live\/reportages-equipes-18eme-raid-paris-cap-nord\/#webpage\",\"url\":\"http:\/\/pariscapnord.fr\/live\/reportages-equipes-18eme-raid-paris-cap-nord\/\",\"name\":\"D\\u00e9couvrez les reportages des \\u00e9quipes du 18\\u00e8me Raid Paris Cap Nord - Live du raid Paris Cap Nord\",\"isPartOf\":{\"@id\":\"https:\/\/pariscapnord.fr\/live\/#website\"},\"datePublished\":\"2017-08-30T23:49:11+00:00\",\"dateModified\":\"2017-08-31T00:27:22+00:00\",\"author\":{\"@id\":\"https:\/\/pariscapnord.fr\/live\/#\/schema\/person\/ebd1bf0473090ba4f64433a8cc932595\"},\"inLanguage\":\"fr-FR\",\"potentialAction\":[{\"@type\":\"ReadAction\",\"target\":[\"http:\/\/pariscapnord.fr\/live\/reportages-equipes-18eme-raid-paris-cap-nord\/\"]}]},{\"@type\":\"Person\",\"@id\":\"https:\/\/pariscapnord.fr\/live\/#\/schema\/person\/ebd1bf0473090ba4f64433a8cc932595\",\"name\":\"nordcap\",\"image\":{\"@type\":\"ImageObject\",\"@id\":\"https:\/\/pariscapnord.fr\/live\/#personlogo\",\"inLanguage\":\"fr-FR\",\"url\":\"https:\/\/secure.gravatar.com\/avatar\/abe8a673a1980fb8e348aeda16efb2c6?s=96&d=mm&r=g\",\"caption\":\"nordcap\"}}]}<\/script>\n<!-- \/ Yoast SEO plugin. -->","_links":{"self":[{"href":"https:\/\/pariscapnord.fr\/live\/wp-json\/wp\/v2\/posts\/7873"}],"collection":[{"href":"https:\/\/pariscapnord.fr\/live\/wp-json\/wp\/v2\/posts"}],"about":[{"href":"https:\/\/pariscapnord.fr\/live\/wp-json\/wp\/v2\/types\/post"}],"author":[{"embeddable":true,"href":"https:\/\/pariscapnord.fr\/live\/wp-json\/wp\/v2\/users\/1"}],"replies":[{"embeddable":true,"href":"https:\/\/pariscapnord.fr\/live\/wp-json\/wp\/v2\/comments?post=7873"}],"version-history":[{"count":30,"href":"https:\/\/pariscapnord.fr\/live\/wp-json\/wp\/v2\/posts\/7873\/revisions"}],"predecessor-version":[{"id":7925,"href":"https:\/\/pariscapnord.fr\/live\/wp-json\/wp\/v2\/posts\/7873\/revisions\/7925"}],"wp:attachment":[{"href":"https:\/\/pariscapnord.fr\/live\/wp-json\/wp\/v2\/media?parent=7873"}],"wp:term":[{"taxonomy":"category","embeddable":true,"href":"https:\/\/pariscapnord.fr\/live\/wp-json\/wp\/v2\/categories?post=7873"},{"taxonomy":"post_tag","embeddable":true,"href":"https:\/\/pariscapnord.fr\/live\/wp-json\/wp\/v2\/tags?post=7873"}],"curies":[{"name":"wp","href":"https:\/\/api.w.org\/{rel}","templated":true}]}}