{"id":7809,"date":"2017-08-30T18:52:40","date_gmt":"2017-08-30T18:52:40","guid":{"rendered":"http:\/\/pariscapnord.fr\/live\/?p=7809"},"modified":"2021-10-20T13:32:03","modified_gmt":"2021-10-20T13:32:03","slug":"randonnee-de-lours-a-juuma","status":"publish","type":"post","link":"https:\/\/pariscapnord.fr\/live\/randonnee-de-lours-a-juuma\/","title":{"rendered":""},"content":{"rendered":"<p>[et_pb_section fb_built=\u00a0\u00bb1&Prime; fullwidth=\u00a0\u00bbon\u00a0\u00bb _builder_version=\u00a0\u00bb3.0.62&Prime;][et_pb_fullwidth_header title=\u00a0\u00bbMARDI 15 AO\u00dbT : Randonn\u00e9e de l&rsquo;ours \u00e0 Juuma et Jury 3&Prime; subhead=\u00a0\u00bb22\u00e8me \u00e9tape\u00a0\u00bb background_layout=\u00a0\u00bbdark\u00a0\u00bb button_one_text=\u00a0\u00bbVersion EN\u00a0\u00bb button_one_url=\u00a0\u00bb\/live\/29-juillet-glittertind-route-trolls-geiranger\/#drapeauEN\u00a0\u00bb admin_label=\u00a0\u00bbFullwidth Header\u00a0\u00bb _builder_version=\u00a0\u00bb3.0.62&Prime;][\/et_pb_fullwidth_header][et_pb_fullwidth_image src=\u00a0\u00bbhttp:\/\/pariscapnord.fr\/live\/wp-content\/uploads\/2017\/08\/lac-camping-Johanni3.jpg\u00a0\u00bb _builder_version=\u00a0\u00bb3.0.62&Prime; custom_margin=\u00a0\u00bb0px|||\u00a0\u00bb][\/et_pb_fullwidth_image][\/et_pb_section][et_pb_section fb_built=\u00a0\u00bb1&Prime; custom_padding=\u00a0\u00bb54px|0px|0px|0px\u00a0\u00bb _builder_version=\u00a0\u00bb3.0.62&Prime;][et_pb_row make_fullwidth=\u00a0\u00bbon\u00a0\u00bb custom_padding=\u00a0\u00bb0px|||\u00a0\u00bb _builder_version=\u00a0\u00bb3.0.62&Prime; background_size=\u00a0\u00bbinitial\u00a0\u00bb background_position=\u00a0\u00bbtop_left\u00a0\u00bb background_repeat=\u00a0\u00bbrepeat\u00a0\u00bb][et_pb_column type=\u00a0\u00bb4_4&Prime; _builder_version=\u00a0\u00bb3.0.47&Prime;][et_pb_text admin_label=\u00a0\u00bbText\u00a0\u00bb _builder_version=\u00a0\u00bb3.0.62&Prime; background_size=\u00a0\u00bbinitial\u00a0\u00bb background_position=\u00a0\u00bbtop_left\u00a0\u00bb background_repeat=\u00a0\u00bbrepeat\u00a0\u00bb]<\/p>\n<h2>Randonn\u00e9e de l&rsquo;ours \u00e0 Juuma et Jury 3<\/h2>\n<p>On se l\u00e8ve parce qu&rsquo;il fait trop chaud sous les tentes. La <strong>randonn\u00e9e de l&rsquo;ours \u00e0 Juuma<\/strong> tente \u00e9norm\u00e9ment de monde. C&rsquo;est une boucle de 3 h de marche, le chemin a m\u00eame \u00e9t\u00e9 am\u00e9nag\u00e9 \u00e0 certains endroit avec des ponts suspendus et des marches en bois. Annie a pu surprendre un oiseau de grande taille tr\u00e8s sauvage, le <strong>Tetra<\/strong>. Cette femelle s&rsquo;est laiss\u00e9e photographier et a pris son envol.<\/p>\n<p>Le <strong>jury<\/strong> se r\u00e9unit \u00e0 15 h, au lieu de 13 h, ce qui va permettre aux raideurs de prendre leur temps avant la projection des photos jury. Ils l&rsquo;ont d&rsquo;ailleurs tellement pris et n&rsquo;ont pas pu recevoir le SMS \u00e0 temps.<\/p>\n<p>Un barbecue est organis\u00e9 et pr\u00e9par\u00e9 par l&rsquo;organisation au fameux <strong>camping de Johanni<\/strong>. Aujourd&rsquo;hui \u00e0 la retraite, il n&rsquo;ouvre son camping que tous les deux ans pour le Raid. Des toilettes s\u00e8ches, pas d&rsquo;eau, ni d&rsquo;\u00e9lectricit\u00e9. Mais une vue imprenable sur un lac, une plage avec au bout un sauna et un bain chaud. S\u00e9quence nostalgie pour <a href=\"\/live\/equipage-23-sandra-mahjoub-flavie-et-olivier-jouvray\"><strong>Olivier, \u00e9quipage 23<\/strong><\/a>, qui a fait le raid dans l&rsquo;organisation il y a 23 ans ! Tous les raideurs pr\u00e9sents donnent un coup de main pour pr\u00e9parer le barbecue. On fait chauffer des <strong>piraakka<\/strong>, sp\u00e9cialit\u00e9 finlandaise que nous accommodons \u00e0 la fran\u00e7aise avec un beurre \u00e0 l&rsquo;ail et au persil, avec lamelles de poivron et concombre. C&rsquo;est un beau succ\u00e9s.<\/p>\n<p>Nous avons la visite d&rsquo;<strong>Ana Morto<\/strong>, une finlandaise citadine qui a fait trois fois le raid, s&rsquo;est mari\u00e9e avec un finlandais de Laponie et s&rsquo;y est install\u00e9e.<\/p>\n<p>La nuit vient de tomb\u00e9e, il est presque 23 h. Pendant que certains vont encore au sauna au feu de bois, le plus traditionnel, d&rsquo;autres refont le monde autour du feu.<\/p>\n<p>[\/et_pb_text][\/et_pb_column][\/et_pb_row][\/et_pb_section][et_pb_section fb_built=\u00a0\u00bb1&Prime; custom_padding=\u00a0\u00bb0px|||\u00a0\u00bb _builder_version=\u00a0\u00bb3.0.62&Prime;][et_pb_row make_fullwidth=\u00a0\u00bbon\u00a0\u00bb use_custom_gutter=\u00a0\u00bbon\u00a0\u00bb gutter_width=\u00a0\u00bb0&Prime; _builder_version=\u00a0\u00bb3.0.62&Prime;][et_pb_column type=\u00a0\u00bb4_4&Prime; _builder_version=\u00a0\u00bb3.0.47&Prime;][et_pb_gallery gallery_ids=\u00a0\u00bb7810,7811,7812,7813,7814,7815,7816,7817,7818,7819,7820,7821,7822,7823&Prime; show_pagination=\u00a0\u00bboff\u00a0\u00bb hover_icon=\u00a0\u00bb%%51%%\u00a0\u00bb _builder_version=\u00a0\u00bb3.0.62&Prime; custom_css_gallery_item_title=\u00a0\u00bb.mfp-title {||display: none;||}||\u00a0\u00bb saved_tabs=\u00a0\u00bball\u00a0\u00bb][\/et_pb_gallery][\/et_pb_column][\/et_pb_row][\/et_pb_section][et_pb_section fb_built=\u00a0\u00bb1&Prime; custom_padding=\u00a0\u00bb54px|0px|0px|0px\u00a0\u00bb _builder_version=\u00a0\u00bb3.0.62&Prime;][et_pb_row make_fullwidth=\u00a0\u00bbon\u00a0\u00bb custom_padding=\u00a0\u00bb0px|||\u00a0\u00bb _builder_version=\u00a0\u00bb3.0.62&Prime; background_size=\u00a0\u00bbinitial\u00a0\u00bb background_position=\u00a0\u00bbtop_left\u00a0\u00bb background_repeat=\u00a0\u00bbrepeat\u00a0\u00bb][et_pb_column type=\u00a0\u00bb4_4&Prime; _builder_version=\u00a0\u00bb3.0.47&Prime;][et_pb_text admin_label=\u00a0\u00bbText\u00a0\u00bb _builder_version=\u00a0\u00bb3.0.62&Prime; background_size=\u00a0\u00bbinitial\u00a0\u00bb background_position=\u00a0\u00bbtop_left\u00a0\u00bb background_repeat=\u00a0\u00bbrepeat\u00a0\u00bb]<\/p>\n<p><img loading=\"lazy\" id=\"drapeauEN\" class=\"wp-image-6439 alignnone size-full\" src=\"\/live\/wp-content\/uploads\/2017\/07\/version-anglaise.jpg\" alt=\"version anglaise\" width=\"50\" height=\"33\" \/><\/p>\n<p>[\/et_pb_text][\/et_pb_column][\/et_pb_row][\/et_pb_section]<\/p>\n","protected":false},"excerpt":{"rendered":"<p>[et_pb_section fb_built=\u00a0\u00bb1&Prime; fullwidth=\u00a0\u00bbon\u00a0\u00bb _builder_version=\u00a0\u00bb3.0.62&Prime;][et_pb_fullwidth_header title=\u00a0\u00bbMARDI 15 AO\u00dbT : Randonn\u00e9e de l&rsquo;ours \u00e0 Juuma et Jury 3&Prime; subhead=\u00a0\u00bb22\u00e8me \u00e9tape\u00a0\u00bb background_layout=\u00a0\u00bbdark\u00a0\u00bb button_one_text=\u00a0\u00bbVersion EN\u00a0\u00bb button_one_url=\u00a0\u00bb\/live\/29-juillet-glittertind-route-trolls-geiranger\/#drapeauEN\u00a0\u00bb admin_label=\u00a0\u00bbFullwidth Header\u00a0\u00bb _builder_version=\u00a0\u00bb3.0.62&Prime;][\/et_pb_fullwidth_header][et_pb_fullwidth_image src=\u00a0\u00bbhttp:\/\/pariscapnord.fr\/live\/wp-content\/uploads\/2017\/08\/lac-camping-Johanni3.jpg\u00a0\u00bb _builder_version=\u00a0\u00bb3.0.62&Prime; custom_margin=\u00a0\u00bb0px|||\u00a0\u00bb][\/et_pb_fullwidth_image][\/et_pb_section][et_pb_section fb_built=\u00a0\u00bb1&Prime; custom_padding=\u00a0\u00bb54px|0px|0px|0px\u00a0\u00bb _builder_version=\u00a0\u00bb3.0.62&Prime;][et_pb_row make_fullwidth=\u00a0\u00bbon\u00a0\u00bb custom_padding=\u00a0\u00bb0px|||\u00a0\u00bb _builder_version=\u00a0\u00bb3.0.62&Prime; background_size=\u00a0\u00bbinitial\u00a0\u00bb background_position=\u00a0\u00bbtop_left\u00a0\u00bb background_repeat=\u00a0\u00bbrepeat\u00a0\u00bb][et_pb_column type=\u00a0\u00bb4_4&Prime; _builder_version=\u00a0\u00bb3.0.47&Prime;][et_pb_text admin_label=\u00a0\u00bbText\u00a0\u00bb _builder_version=\u00a0\u00bb3.0.62&Prime; background_size=\u00a0\u00bbinitial\u00a0\u00bb background_position=\u00a0\u00bbtop_left\u00a0\u00bb background_repeat=\u00a0\u00bbrepeat\u00a0\u00bb] Randonn\u00e9e de l&rsquo;ours \u00e0 Juuma et Jury 3 On se l\u00e8ve [&hellip;]<\/p>\n","protected":false},"author":1,"featured_media":7822,"comment_status":"closed","ping_status":"open","sticky":false,"template":"","format":"standard","meta":[],"categories":[10],"tags":[],"yoast_head":"<!-- This site is optimized with the Yoast SEO plugin v14.9 - https:\/\/yoast.com\/wordpress\/plugins\/seo\/ -->\n<title>- Live du raid Paris Cap Nord<\/title>\n<meta name=\"robots\" content=\"index, follow, max-snippet:-1, max-image-preview:large, max-video-preview:-1\" \/>\n<link rel=\"canonical\" href=\"http:\/\/pariscapnord.fr\/live\/randonnee-de-lours-a-juuma\/\" \/>\n<meta property=\"og:locale\" content=\"fr_FR\" \/>\n<meta property=\"og:type\" content=\"article\" \/>\n<meta property=\"og:title\" content=\"- Live du raid Paris Cap Nord\" \/>\n<meta property=\"og:description\" content=\"[et_pb_section fb_built=\u00a0\u00bb1&Prime; fullwidth=\u00a0\u00bbon\u00a0\u00bb _builder_version=\u00a0\u00bb3.0.62&Prime;][et_pb_fullwidth_header title=\u00a0\u00bbMARDI 15 AO\u00dbT : Randonn\u00e9e de l&rsquo;ours \u00e0 Juuma et Jury 3&Prime; subhead=\u00a0\u00bb22\u00e8me \u00e9tape\u00a0\u00bb background_layout=\u00a0\u00bbdark\u00a0\u00bb button_one_text=\u00a0\u00bbVersion EN\u00a0\u00bb button_one_url=\u00a0\u00bb\/live\/29-juillet-glittertind-route-trolls-geiranger\/#drapeauEN\u00a0\u00bb admin_label=\u00a0\u00bbFullwidth Header\u00a0\u00bb _builder_version=\u00a0\u00bb3.0.62&Prime;][\/et_pb_fullwidth_header][et_pb_fullwidth_image src=\u00a0\u00bbhttp:\/\/pariscapnord.fr\/live\/wp-content\/uploads\/2017\/08\/lac-camping-Johanni3.jpg\u00a0\u00bb _builder_version=\u00a0\u00bb3.0.62&Prime; custom_margin=\u00a0\u00bb0px|||\u00a0\u00bb][\/et_pb_fullwidth_image][\/et_pb_section][et_pb_section fb_built=\u00a0\u00bb1&Prime; custom_padding=\u00a0\u00bb54px|0px|0px|0px\u00a0\u00bb _builder_version=\u00a0\u00bb3.0.62&Prime;][et_pb_row make_fullwidth=\u00a0\u00bbon\u00a0\u00bb custom_padding=\u00a0\u00bb0px|||\u00a0\u00bb _builder_version=\u00a0\u00bb3.0.62&Prime; background_size=\u00a0\u00bbinitial\u00a0\u00bb background_position=\u00a0\u00bbtop_left\u00a0\u00bb background_repeat=\u00a0\u00bbrepeat\u00a0\u00bb][et_pb_column type=\u00a0\u00bb4_4&Prime; _builder_version=\u00a0\u00bb3.0.47&Prime;][et_pb_text admin_label=\u00a0\u00bbText\u00a0\u00bb _builder_version=\u00a0\u00bb3.0.62&Prime; background_size=\u00a0\u00bbinitial\u00a0\u00bb background_position=\u00a0\u00bbtop_left\u00a0\u00bb background_repeat=\u00a0\u00bbrepeat\u00a0\u00bb] Randonn\u00e9e de l&rsquo;ours \u00e0 Juuma et Jury 3 On se l\u00e8ve [&hellip;]\" \/>\n<meta property=\"og:url\" content=\"http:\/\/pariscapnord.fr\/live\/randonnee-de-lours-a-juuma\/\" \/>\n<meta property=\"og:site_name\" content=\"Live du raid Paris Cap Nord\" \/>\n<meta property=\"article:published_time\" content=\"2017-08-30T18:52:40+00:00\" \/>\n<meta property=\"article:modified_time\" content=\"2021-10-20T13:32:03+00:00\" \/>\n<meta property=\"og:image\" content=\"https:\/\/pariscapnord.fr\/live\/wp-content\/uploads\/2017\/08\/lac-camping-Johanni1.jpg\" \/>\n\t<meta property=\"og:image:width\" content=\"795\" \/>\n\t<meta property=\"og:image:height\" content=\"530\" \/>\n<meta name=\"twitter:card\" content=\"summary\" \/>\n<script type=\"application\/ld+json\" class=\"yoast-schema-graph\">{\"@context\":\"https:\/\/schema.org\",\"@graph\":[{\"@type\":\"WebSite\",\"@id\":\"https:\/\/pariscapnord.fr\/live\/#website\",\"url\":\"https:\/\/pariscapnord.fr\/live\/\",\"name\":\"Live du raid Paris Cap Nord\",\"description\":\"Suivez l\\u2019aventure de tous les \\u00e9quipages du raid Paris Cap Nord \\u00e9dition 2017\",\"potentialAction\":[{\"@type\":\"SearchAction\",\"target\":\"https:\/\/pariscapnord.fr\/live\/?s={search_term_string}\",\"query-input\":\"required name=search_term_string\"}],\"inLanguage\":\"fr-FR\"},{\"@type\":\"ImageObject\",\"@id\":\"http:\/\/pariscapnord.fr\/live\/randonnee-de-lours-a-juuma\/#primaryimage\",\"inLanguage\":\"fr-FR\",\"url\":\"https:\/\/pariscapnord.fr\/live\/wp-content\/uploads\/2017\/08\/lac-camping-Johanni1.jpg\",\"width\":795,\"height\":530},{\"@type\":\"WebPage\",\"@id\":\"http:\/\/pariscapnord.fr\/live\/randonnee-de-lours-a-juuma\/#webpage\",\"url\":\"http:\/\/pariscapnord.fr\/live\/randonnee-de-lours-a-juuma\/\",\"name\":\"- Live du raid Paris Cap Nord\",\"isPartOf\":{\"@id\":\"https:\/\/pariscapnord.fr\/live\/#website\"},\"primaryImageOfPage\":{\"@id\":\"http:\/\/pariscapnord.fr\/live\/randonnee-de-lours-a-juuma\/#primaryimage\"},\"datePublished\":\"2017-08-30T18:52:40+00:00\",\"dateModified\":\"2021-10-20T13:32:03+00:00\",\"author\":{\"@id\":\"https:\/\/pariscapnord.fr\/live\/#\/schema\/person\/ebd1bf0473090ba4f64433a8cc932595\"},\"inLanguage\":\"fr-FR\",\"potentialAction\":[{\"@type\":\"ReadAction\",\"target\":[\"http:\/\/pariscapnord.fr\/live\/randonnee-de-lours-a-juuma\/\"]}]},{\"@type\":\"Person\",\"@id\":\"https:\/\/pariscapnord.fr\/live\/#\/schema\/person\/ebd1bf0473090ba4f64433a8cc932595\",\"name\":\"nordcap\",\"image\":{\"@type\":\"ImageObject\",\"@id\":\"https:\/\/pariscapnord.fr\/live\/#personlogo\",\"inLanguage\":\"fr-FR\",\"url\":\"https:\/\/secure.gravatar.com\/avatar\/abe8a673a1980fb8e348aeda16efb2c6?s=96&d=mm&r=g\",\"caption\":\"nordcap\"}}]}<\/script>\n<!-- \/ Yoast SEO plugin. -->","_links":{"self":[{"href":"https:\/\/pariscapnord.fr\/live\/wp-json\/wp\/v2\/posts\/7809"}],"collection":[{"href":"https:\/\/pariscapnord.fr\/live\/wp-json\/wp\/v2\/posts"}],"about":[{"href":"https:\/\/pariscapnord.fr\/live\/wp-json\/wp\/v2\/types\/post"}],"author":[{"embeddable":true,"href":"https:\/\/pariscapnord.fr\/live\/wp-json\/wp\/v2\/users\/1"}],"replies":[{"embeddable":true,"href":"https:\/\/pariscapnord.fr\/live\/wp-json\/wp\/v2\/comments?post=7809"}],"version-history":[{"count":4,"href":"https:\/\/pariscapnord.fr\/live\/wp-json\/wp\/v2\/posts\/7809\/revisions"}],"predecessor-version":[{"id":8064,"href":"https:\/\/pariscapnord.fr\/live\/wp-json\/wp\/v2\/posts\/7809\/revisions\/8064"}],"wp:featuredmedia":[{"embeddable":true,"href":"https:\/\/pariscapnord.fr\/live\/wp-json\/wp\/v2\/media\/7822"}],"wp:attachment":[{"href":"https:\/\/pariscapnord.fr\/live\/wp-json\/wp\/v2\/media?parent=7809"}],"wp:term":[{"taxonomy":"category","embeddable":true,"href":"https:\/\/pariscapnord.fr\/live\/wp-json\/wp\/v2\/categories?post=7809"},{"taxonomy":"post_tag","embeddable":true,"href":"https:\/\/pariscapnord.fr\/live\/wp-json\/wp\/v2\/tags?post=7809"}],"curies":[{"name":"wp","href":"https:\/\/api.w.org\/{rel}","templated":true}]}}