{"id":6655,"date":"2017-07-31T16:12:29","date_gmt":"2017-07-31T16:12:29","guid":{"rendered":"http:\/\/pariscapnord.fr\/live\/?p=6655"},"modified":"2017-08-30T15:59:37","modified_gmt":"2017-08-30T15:59:37","slug":"29-juillet-glittertind-route-trolls-geiranger","status":"publish","type":"post","link":"https:\/\/pariscapnord.fr\/live\/29-juillet-glittertind-route-trolls-geiranger\/","title":{"rendered":"SAMEDI 29 JUILLET Glittertind &#8211; Route des Trolls &#8211; Geiranger."},"content":{"rendered":"<p>[et_pb_section fb_built=\u00a0\u00bb1&Prime; background_color=\u00a0\u00bb#e09900&Prime; fullwidth=\u00a0\u00bbon\u00a0\u00bb _builder_version=\u00a0\u00bb3.0.62&Prime;][et_pb_fullwidth_header title=\u00a0\u00bbSAMEDI 29 JUILLET : Glittertind \/ Route des Trolls, Geiranger.\u00a0\u00bb subhead=\u00a0\u00bb5\u00e8me \u00e9tape\u00a0\u00bb background_layout=\u00a0\u00bbdark\u00a0\u00bb button_one_text=\u00a0\u00bbVersion EN\u00a0\u00bb button_one_url=\u00a0\u00bb\/live\/29-juillet-glittertind-route-trolls-geiranger\/#drapeauEN\u00a0\u00bb admin_label=\u00a0\u00bbFullwidth Header\u00a0\u00bb _builder_version=\u00a0\u00bb3.0.62&Prime;][\/et_pb_fullwidth_header][et_pb_fullwidth_image src=\u00a0\u00bbhttp:\/\/pariscapnord.fr\/live\/wp-content\/uploads\/2017\/07\/Ascension-Glittertind.jpg\u00a0\u00bb _builder_version=\u00a0\u00bb3.0.62&Prime; custom_margin=\u00a0\u00bb0px|||\u00a0\u00bb][\/et_pb_fullwidth_image][\/et_pb_section][et_pb_section fb_built=\u00a0\u00bb1&Prime; custom_padding=\u00a0\u00bb54px|0px|0px|0px\u00a0\u00bb _builder_version=\u00a0\u00bb3.0.62&Prime;][et_pb_row make_fullwidth=\u00a0\u00bbon\u00a0\u00bb custom_padding=\u00a0\u00bb0px|||\u00a0\u00bb _builder_version=\u00a0\u00bb3.0.62&Prime; background_size=\u00a0\u00bbinitial\u00a0\u00bb background_position=\u00a0\u00bbtop_left\u00a0\u00bb background_repeat=\u00a0\u00bbrepeat\u00a0\u00bb][et_pb_column type=\u00a0\u00bb4_4&Prime; _builder_version=\u00a0\u00bb3.0.47&Prime; parallax=\u00a0\u00bboff\u00a0\u00bb parallax_method=\u00a0\u00bbon\u00a0\u00bb][et_pb_text admin_label=\u00a0\u00bbText\u00a0\u00bb _builder_version=\u00a0\u00bb3.0.62&Prime; background_size=\u00a0\u00bbinitial\u00a0\u00bb background_position=\u00a0\u00bbtop_left\u00a0\u00bb background_repeat=\u00a0\u00bbrepeat\u00a0\u00bb]<\/p>\n<h2>Ascension du Glittertind \/ Route des Trolls, Geiranger.<\/h2>\n<p>Aujourd&rsquo;hui c\u2019est au choix, pour les courageux adeptes de la randonn\u00e9e il y a l<strong>&lsquo;ascension du Glittertind<\/strong> ou bien, pour les amateurs de conduite, <strong>la route des Trolls<\/strong> et le <strong>Geiranger<\/strong>.<\/p>\n<p>Lev\u00e9s \u00e0 5H45 pour partir \u00e0 6h , l&rsquo;\u00e9quipement est pr\u00eat, les courageux sont par\u00e9s \u00e0 gravir le Glittertind, situ\u00e9 dans le massif de Jotunheim, le plus haut de Norv\u00e8ge. En effet, il y a 2465 m\u00e8tres \u00e0 escalader ! Mais c&rsquo;est l&rsquo;\u00e9quivalent d&rsquo;un 3000 m\u00e8tres en France.<\/p>\n<p>Bien s\u00fbr, les longs m\u00e8tres pierreux et pentus doivent \u00eatre gravis, mais la r\u00e9compense vient des paysages montagneux au loin qui sont encore plus beaux vus du <strong>Glitterting<\/strong> que du Galopigund, le plus haut sommet norv\u00e9gien mais pas forc\u00e9ment le plus joli. Au d\u00e9tour d&rsquo;un rocher, les raideurs ont fait une sacr\u00e9e rencontre, un troupeau de rennes. Beaucoup plus tranquilles que sur la route car ils sont apeur\u00e9s par les voitures, ils ont continuer leurs occupations et ont jou\u00e9s les stars, mitraill\u00e9s par les photographes !<br \/> Pauvre <strong><a href=\"\/live\/equipage-10-de-julie-et-david-clermont-barriere\/\">Julie et David <\/a><\/strong>qui croyaient avoir \u00e9t\u00e9 les seuls \u00e0 voir des rennes !<\/p>\n<p>Florence et Laetitia ont opt\u00e9 pour le<strong> Glittertind.<\/strong> Apr\u00e8s avoir vu des norv\u00e9giens descendre en luge, les <strong><a href=\"\/live\/equipage-19-florence-laugier-et-laetitia-sienne\/\">combis Girls<\/a><\/strong>, ayant h\u00e2te de retourner au chaud dans leur voiture, ont d\u00e9cid\u00e9 d&rsquo;adopter la m\u00eame m\u00e9thode: la glisse sur neige, sans luge elles ont invent\u00e9 le ski sans ski! En glissant mais seulement sur les pieds. Deux heures de gagner dans la descente!<\/p>\n<p>Parmi ces courageux \u00e0 avoir gravi le <strong>Glittertind<\/strong> et affronter la neige qui tombait au sommet, <strong><a href=\"\/live\/equipage-4-dariya-et-veronica-oleksandr-korzhenko\/\">Veronica de l&rsquo;\u00e9quipage 4<\/a><\/strong> s&rsquo;est bless\u00e9e.Une entorse pas trop grave et c&rsquo;est avec l&rsquo;aide des fermeurs de la randonn\u00e9e (Olivier, Johan et Camille) qu&rsquo;elle terminera tout de m\u00eame le p\u00e9riple.<\/p>\n<p><strong><a href=\"\/live\/equipe-26-han-solo-ctt\/\">Cyril<\/a><\/strong> \u00e9tait parti pour faire la totalit\u00e9 de la randonn\u00e9e, mais c&rsquo;est d\u00e9\u00e7u qu&rsquo;il rebrousse chemin, ayant oubli\u00e9 ses lunettes de soleil dans la voiture.<\/p>\n<p><strong><a href=\"\/live\/equipage-16-isabelle-et-philippe-delaunois\/\">L&rsquo;\u00e9quipage 16 <\/a><\/strong>a lui opt\u00e9 pour Le <strong>Geiranger<\/strong>. Tr\u00e8s content de leur journ\u00e9e, ils ont rencontr\u00e9 des gens qui faisaient du rafting, notamment deux fran\u00e7ais ! <br \/>Ce fjord est un concentr\u00e9 de beaut\u00e9. S&rsquo;il est si connu, ce n&rsquo; est pas pour rien. Ses falaises de roches noires tombent dans la mer comme si les Alpes avaient \u00e9t\u00e9 transport\u00e9s dans l&rsquo;oc\u00e9an. De tout petits villages, compos\u00e9s de petites maisons en bois peintes de couleurs vives sont pos\u00e9es dans des endroits improbables. Il faut prendre le Ferry pour avoir le maximum de perspective, ce qui donne l&rsquo;impression d&rsquo;admirer un village de maisons de poup\u00e9es. De plus tout est toujours bien rang\u00e9 et rien ne tra\u00eenent devant les maisons norv\u00e9giennes. De belles images en perspective pour le th\u00e8me couleur par exemple !!<\/p>\n<p>[\/et_pb_text][\/et_pb_column][\/et_pb_row][\/et_pb_section][et_pb_section fb_built=\u00a0\u00bb1&Prime; custom_padding=\u00a0\u00bb0px|||\u00a0\u00bb _builder_version=\u00a0\u00bb3.0.62&Prime;][et_pb_row make_fullwidth=\u00a0\u00bbon\u00a0\u00bb use_custom_gutter=\u00a0\u00bbon\u00a0\u00bb gutter_width=\u00a0\u00bb0&Prime; _builder_version=\u00a0\u00bb3.0.62&Prime;][et_pb_column type=\u00a0\u00bb4_4&Prime; _builder_version=\u00a0\u00bb3.0.47&Prime; parallax=\u00a0\u00bboff\u00a0\u00bb parallax_method=\u00a0\u00bbon\u00a0\u00bb][et_pb_gallery gallery_ids=\u00a0\u00bb6661,6662,6663,6664,6665,6666,6667,6668,6669,6670,6671,6672,6673,6674,6675,6676,6677,6678,6679,6680,6681,6682&Prime; posts_number=\u00a0\u00bb23&Prime; show_title_and_caption=\u00a0\u00bboff\u00a0\u00bb show_pagination=\u00a0\u00bboff\u00a0\u00bb zoom_icon_color=\u00a0\u00bb#ffffff\u00a0\u00bb hover_overlay_color=\u00a0\u00bbrgba(0,0,0,0.37)\u00a0\u00bb hover_icon=\u00a0\u00bb%%51%%\u00a0\u00bb _builder_version=\u00a0\u00bb3.0.62&Prime; custom_css_gallery_item_title=\u00a0\u00bb.mfp-title {||display: none;||}||\u00a0\u00bb saved_tabs=\u00a0\u00bball\u00a0\u00bb][\/et_pb_gallery][\/et_pb_column][\/et_pb_row][\/et_pb_section][et_pb_section fb_built=\u00a0\u00bb1&Prime; custom_padding=\u00a0\u00bb54px|0px|0px|0px\u00a0\u00bb _builder_version=\u00a0\u00bb3.0.62&Prime;][et_pb_row make_fullwidth=\u00a0\u00bbon\u00a0\u00bb custom_padding=\u00a0\u00bb0px|||\u00a0\u00bb _builder_version=\u00a0\u00bb3.0.62&Prime; background_size=\u00a0\u00bbinitial\u00a0\u00bb background_position=\u00a0\u00bbtop_left\u00a0\u00bb background_repeat=\u00a0\u00bbrepeat\u00a0\u00bb][et_pb_column type=\u00a0\u00bb4_4&Prime; _builder_version=\u00a0\u00bb3.0.47&Prime; parallax=\u00a0\u00bboff\u00a0\u00bb parallax_method=\u00a0\u00bbon\u00a0\u00bb][et_pb_text admin_label=\u00a0\u00bbText\u00a0\u00bb _builder_version=\u00a0\u00bb3.0.62&Prime; background_size=\u00a0\u00bbinitial\u00a0\u00bb background_position=\u00a0\u00bbtop_left\u00a0\u00bb background_repeat=\u00a0\u00bbrepeat\u00a0\u00bb]<\/p>\n<p><img loading=\"lazy\" id=\"drapeauEN\" src=\"\/live\/wp-content\/uploads\/2017\/07\/version-anglaise.jpg\" width=\"50\" height=\"33\" alt=\"version anglaise\" class=\"wp-image-6439 alignnone size-full\" \/><\/p>\n<p>Saturday, July 29th<\/p>\n<p>The hikers woke up at around 6 AM this morning. The <strong>Glittertind<\/strong>, located in the Jotunheim peaks (the highest in Norway), is 2465m.<br \/> The landscape is fantastic, even more impressive than on the Galopigund (the highest summit in Norway). The participants took pictures of a herd of reindeers during ascent.<br \/> After they saw norwegian hikers go down the Glittertind on a sled, the <strong><a href=\"\/live\/equipage-19-florence-laugier-et-laetitia-sienne\/\">Combi-Girls<\/a><\/strong> decided to go down the Glittertind on feet, but runing in the snow part!<br \/> <strong><a href=\"\/live\/equipage-4-dariya-et-veronica-oleksandr-korzhenko\/\">Veronica, from team 4<\/a><\/strong>, got hurt during the hiking (sprained leg), but she still managed to make it until the end.<br \/><strong><a href=\"\/live\/equipage-16-isabelle-et-philippe-delaunois\/\">The team 16<\/a><\/strong> chose the <strong>Geiranger<\/strong>, where they met people rafting, including two coming from France ! This Fjord is really stunning; no wonder why it is so famous. Its cliffs fall into the Ocean, some colored wooden houses are scattered in unlikely places.<br \/><span style=\"font-size: 14px;\">After 7 to 9 hours of hiking, the participants came back from the<strong> Glittertind<\/strong>, exhausted. The organization prepared them some crepes to share as they talk about their journey.<\/span><\/p>\n<p>[\/et_pb_text][\/et_pb_column][\/et_pb_row][\/et_pb_section]<\/p>\n","protected":false},"excerpt":{"rendered":"<p>[et_pb_section fb_built=\u00a0\u00bb1&Prime; background_color=\u00a0\u00bb#e09900&Prime; fullwidth=\u00a0\u00bbon\u00a0\u00bb _builder_version=\u00a0\u00bb3.0.62&Prime;][et_pb_fullwidth_header title=\u00a0\u00bbSAMEDI 29 JUILLET : Glittertind \/ Route des Trolls, Geiranger.\u00a0\u00bb subhead=\u00a0\u00bb5\u00e8me \u00e9tape\u00a0\u00bb background_layout=\u00a0\u00bbdark\u00a0\u00bb button_one_text=\u00a0\u00bbVersion EN\u00a0\u00bb button_one_url=\u00a0\u00bb\/live\/29-juillet-glittertind-route-trolls-geiranger\/#drapeauEN\u00a0\u00bb admin_label=\u00a0\u00bbFullwidth Header\u00a0\u00bb _builder_version=\u00a0\u00bb3.0.62&Prime;][\/et_pb_fullwidth_header][et_pb_fullwidth_image src=\u00a0\u00bbhttp:\/\/pariscapnord.fr\/live\/wp-content\/uploads\/2017\/07\/Ascension-Glittertind.jpg\u00a0\u00bb _builder_version=\u00a0\u00bb3.0.62&Prime; custom_margin=\u00a0\u00bb0px|||\u00a0\u00bb][\/et_pb_fullwidth_image][\/et_pb_section][et_pb_section fb_built=\u00a0\u00bb1&Prime; custom_padding=\u00a0\u00bb54px|0px|0px|0px\u00a0\u00bb _builder_version=\u00a0\u00bb3.0.62&Prime;][et_pb_row make_fullwidth=\u00a0\u00bbon\u00a0\u00bb custom_padding=\u00a0\u00bb0px|||\u00a0\u00bb _builder_version=\u00a0\u00bb3.0.62&Prime; background_size=\u00a0\u00bbinitial\u00a0\u00bb background_position=\u00a0\u00bbtop_left\u00a0\u00bb background_repeat=\u00a0\u00bbrepeat\u00a0\u00bb][et_pb_column type=\u00a0\u00bb4_4&Prime; _builder_version=\u00a0\u00bb3.0.47&Prime; parallax=\u00a0\u00bboff\u00a0\u00bb parallax_method=\u00a0\u00bbon\u00a0\u00bb][et_pb_text admin_label=\u00a0\u00bbText\u00a0\u00bb _builder_version=\u00a0\u00bb3.0.62&Prime; background_size=\u00a0\u00bbinitial\u00a0\u00bb background_position=\u00a0\u00bbtop_left\u00a0\u00bb background_repeat=\u00a0\u00bbrepeat\u00a0\u00bb] Ascension du Glittertind \/ Route des Trolls, Geiranger. Aujourd&rsquo;hui c\u2019est [&hellip;]<\/p>\n","protected":false},"author":1,"featured_media":6676,"comment_status":"closed","ping_status":"closed","sticky":false,"template":"","format":"standard","meta":[],"categories":[10],"tags":[],"yoast_head":"<!-- This site is optimized with the Yoast SEO plugin v14.9 - https:\/\/yoast.com\/wordpress\/plugins\/seo\/ -->\n<title>SAMEDI 29 JUILLET Glittertind - Route des Trolls - Geiranger. - Live du raid Paris Cap Nord<\/title>\n<meta name=\"robots\" content=\"index, follow, max-snippet:-1, max-image-preview:large, max-video-preview:-1\" \/>\n<link rel=\"canonical\" href=\"https:\/\/pariscapnord.fr\/live\/29-juillet-glittertind-route-trolls-geiranger\/\" \/>\n<meta property=\"og:locale\" content=\"fr_FR\" \/>\n<meta property=\"og:type\" content=\"article\" \/>\n<meta property=\"og:title\" content=\"SAMEDI 29 JUILLET Glittertind - Route des Trolls - Geiranger. - Live du raid Paris Cap Nord\" \/>\n<meta property=\"og:description\" content=\"[et_pb_section fb_built=\u00a0\u00bb1&Prime; background_color=\u00a0\u00bb#e09900&Prime; fullwidth=\u00a0\u00bbon\u00a0\u00bb _builder_version=\u00a0\u00bb3.0.62&Prime;][et_pb_fullwidth_header title=\u00a0\u00bbSAMEDI 29 JUILLET : Glittertind \/ Route des Trolls, Geiranger.\u00a0\u00bb subhead=\u00a0\u00bb5\u00e8me \u00e9tape\u00a0\u00bb background_layout=\u00a0\u00bbdark\u00a0\u00bb button_one_text=\u00a0\u00bbVersion EN\u00a0\u00bb button_one_url=\u00a0\u00bb\/live\/29-juillet-glittertind-route-trolls-geiranger\/#drapeauEN\u00a0\u00bb admin_label=\u00a0\u00bbFullwidth Header\u00a0\u00bb _builder_version=\u00a0\u00bb3.0.62&Prime;][\/et_pb_fullwidth_header][et_pb_fullwidth_image src=\u00a0\u00bbhttp:\/\/pariscapnord.fr\/live\/wp-content\/uploads\/2017\/07\/Ascension-Glittertind.jpg\u00a0\u00bb _builder_version=\u00a0\u00bb3.0.62&Prime; custom_margin=\u00a0\u00bb0px|||\u00a0\u00bb][\/et_pb_fullwidth_image][\/et_pb_section][et_pb_section fb_built=\u00a0\u00bb1&Prime; custom_padding=\u00a0\u00bb54px|0px|0px|0px\u00a0\u00bb _builder_version=\u00a0\u00bb3.0.62&Prime;][et_pb_row make_fullwidth=\u00a0\u00bbon\u00a0\u00bb custom_padding=\u00a0\u00bb0px|||\u00a0\u00bb _builder_version=\u00a0\u00bb3.0.62&Prime; background_size=\u00a0\u00bbinitial\u00a0\u00bb background_position=\u00a0\u00bbtop_left\u00a0\u00bb background_repeat=\u00a0\u00bbrepeat\u00a0\u00bb][et_pb_column type=\u00a0\u00bb4_4&Prime; _builder_version=\u00a0\u00bb3.0.47&Prime; parallax=\u00a0\u00bboff\u00a0\u00bb parallax_method=\u00a0\u00bbon\u00a0\u00bb][et_pb_text admin_label=\u00a0\u00bbText\u00a0\u00bb _builder_version=\u00a0\u00bb3.0.62&Prime; background_size=\u00a0\u00bbinitial\u00a0\u00bb background_position=\u00a0\u00bbtop_left\u00a0\u00bb background_repeat=\u00a0\u00bbrepeat\u00a0\u00bb] Ascension du Glittertind \/ Route des Trolls, Geiranger. Aujourd&rsquo;hui c\u2019est [&hellip;]\" \/>\n<meta property=\"og:url\" content=\"https:\/\/pariscapnord.fr\/live\/29-juillet-glittertind-route-trolls-geiranger\/\" \/>\n<meta property=\"og:site_name\" content=\"Live du raid Paris Cap Nord\" \/>\n<meta property=\"article:published_time\" content=\"2017-07-31T16:12:29+00:00\" \/>\n<meta property=\"article:modified_time\" content=\"2017-08-30T15:59:37+00:00\" \/>\n<meta property=\"og:image\" content=\"https:\/\/pariscapnord.fr\/live\/wp-content\/uploads\/2017\/07\/Glittertind-16.jpg\" \/>\n\t<meta property=\"og:image:width\" content=\"795\" \/>\n\t<meta property=\"og:image:height\" content=\"530\" \/>\n<meta name=\"twitter:card\" content=\"summary\" \/>\n<script type=\"application\/ld+json\" class=\"yoast-schema-graph\">{\"@context\":\"https:\/\/schema.org\",\"@graph\":[{\"@type\":\"WebSite\",\"@id\":\"https:\/\/pariscapnord.fr\/live\/#website\",\"url\":\"https:\/\/pariscapnord.fr\/live\/\",\"name\":\"Live du raid Paris Cap Nord\",\"description\":\"Suivez l\\u2019aventure de tous les \\u00e9quipages du raid Paris Cap Nord \\u00e9dition 2017\",\"potentialAction\":[{\"@type\":\"SearchAction\",\"target\":\"https:\/\/pariscapnord.fr\/live\/?s={search_term_string}\",\"query-input\":\"required name=search_term_string\"}],\"inLanguage\":\"fr-FR\"},{\"@type\":\"ImageObject\",\"@id\":\"https:\/\/pariscapnord.fr\/live\/29-juillet-glittertind-route-trolls-geiranger\/#primaryimage\",\"inLanguage\":\"fr-FR\",\"url\":\"https:\/\/pariscapnord.fr\/live\/wp-content\/uploads\/2017\/07\/Glittertind-16.jpg\",\"width\":795,\"height\":530},{\"@type\":\"WebPage\",\"@id\":\"https:\/\/pariscapnord.fr\/live\/29-juillet-glittertind-route-trolls-geiranger\/#webpage\",\"url\":\"https:\/\/pariscapnord.fr\/live\/29-juillet-glittertind-route-trolls-geiranger\/\",\"name\":\"SAMEDI 29 JUILLET Glittertind - Route des Trolls - Geiranger. - Live du raid Paris Cap Nord\",\"isPartOf\":{\"@id\":\"https:\/\/pariscapnord.fr\/live\/#website\"},\"primaryImageOfPage\":{\"@id\":\"https:\/\/pariscapnord.fr\/live\/29-juillet-glittertind-route-trolls-geiranger\/#primaryimage\"},\"datePublished\":\"2017-07-31T16:12:29+00:00\",\"dateModified\":\"2017-08-30T15:59:37+00:00\",\"author\":{\"@id\":\"https:\/\/pariscapnord.fr\/live\/#\/schema\/person\/ebd1bf0473090ba4f64433a8cc932595\"},\"inLanguage\":\"fr-FR\",\"potentialAction\":[{\"@type\":\"ReadAction\",\"target\":[\"https:\/\/pariscapnord.fr\/live\/29-juillet-glittertind-route-trolls-geiranger\/\"]}]},{\"@type\":\"Person\",\"@id\":\"https:\/\/pariscapnord.fr\/live\/#\/schema\/person\/ebd1bf0473090ba4f64433a8cc932595\",\"name\":\"nordcap\",\"image\":{\"@type\":\"ImageObject\",\"@id\":\"https:\/\/pariscapnord.fr\/live\/#personlogo\",\"inLanguage\":\"fr-FR\",\"url\":\"https:\/\/secure.gravatar.com\/avatar\/abe8a673a1980fb8e348aeda16efb2c6?s=96&d=mm&r=g\",\"caption\":\"nordcap\"}}]}<\/script>\n<!-- \/ Yoast SEO plugin. -->","_links":{"self":[{"href":"https:\/\/pariscapnord.fr\/live\/wp-json\/wp\/v2\/posts\/6655"}],"collection":[{"href":"https:\/\/pariscapnord.fr\/live\/wp-json\/wp\/v2\/posts"}],"about":[{"href":"https:\/\/pariscapnord.fr\/live\/wp-json\/wp\/v2\/types\/post"}],"author":[{"embeddable":true,"href":"https:\/\/pariscapnord.fr\/live\/wp-json\/wp\/v2\/users\/1"}],"replies":[{"embeddable":true,"href":"https:\/\/pariscapnord.fr\/live\/wp-json\/wp\/v2\/comments?post=6655"}],"version-history":[{"count":13,"href":"https:\/\/pariscapnord.fr\/live\/wp-json\/wp\/v2\/posts\/6655\/revisions"}],"predecessor-version":[{"id":7794,"href":"https:\/\/pariscapnord.fr\/live\/wp-json\/wp\/v2\/posts\/6655\/revisions\/7794"}],"wp:featuredmedia":[{"embeddable":true,"href":"https:\/\/pariscapnord.fr\/live\/wp-json\/wp\/v2\/media\/6676"}],"wp:attachment":[{"href":"https:\/\/pariscapnord.fr\/live\/wp-json\/wp\/v2\/media?parent=6655"}],"wp:term":[{"taxonomy":"category","embeddable":true,"href":"https:\/\/pariscapnord.fr\/live\/wp-json\/wp\/v2\/categories?post=6655"},{"taxonomy":"post_tag","embeddable":true,"href":"https:\/\/pariscapnord.fr\/live\/wp-json\/wp\/v2\/tags?post=6655"}],"curies":[{"name":"wp","href":"https:\/\/api.w.org\/{rel}","templated":true}]}}