{"id":5548,"date":"2017-07-24T01:55:22","date_gmt":"2017-07-24T01:55:22","guid":{"rendered":"http:\/\/pariscapnord.fr\/live\/?p=5548"},"modified":"2017-07-26T06:18:33","modified_gmt":"2017-07-26T06:18:33","slug":"equipage-4-dariya-et-veronica-oleksandr-korzhenko","status":"publish","type":"post","link":"https:\/\/pariscapnord.fr\/live\/equipage-4-dariya-et-veronica-oleksandr-korzhenko\/","title":{"rendered":"Cap au Nord &#8211; Equipage 4"},"content":{"rendered":"<p>[et_pb_section fb_built=\u00a0\u00bb1&Prime; background_color=\u00a0\u00bb#7ebec5&Prime; _builder_version=\u00a0\u00bb3.0.62&Prime;][et_pb_row _builder_version=\u00a0\u00bb3.0.47&Prime; background_size=\u00a0\u00bbinitial\u00a0\u00bb background_position=\u00a0\u00bbtop_left\u00a0\u00bb background_repeat=\u00a0\u00bbrepeat\u00a0\u00bb][et_pb_column type=\u00a0\u00bb1_2&Prime; _builder_version=\u00a0\u00bb3.0.47&Prime; parallax=\u00a0\u00bboff\u00a0\u00bb parallax_method=\u00a0\u00bbon\u00a0\u00bb][et_pb_image src=\u00a0\u00bbhttp:\/\/pariscapnord.fr\/live\/wp-content\/uploads\/2017\/07\/cap-au-nord.jpg\u00a0\u00bb _builder_version=\u00a0\u00bb3.0.62&Prime;][\/et_pb_image][\/et_pb_column][et_pb_column type=\u00a0\u00bb1_2&Prime; _builder_version=\u00a0\u00bb3.0.47&Prime; parallax=\u00a0\u00bboff\u00a0\u00bb parallax_method=\u00a0\u00bbon\u00a0\u00bb][et_pb_text background_layout=\u00a0\u00bbdark\u00a0\u00bb _builder_version=\u00a0\u00bb3.0.62&Prime;]<\/p>\n<h1>Equipage 4 CAPAUNORD<\/h1>\n<blockquote>\n<p>Slogan Cap au Nord<\/p>\n<\/blockquote>\n<p>\u00a0C&rsquo;est en famille que nous faisons le raid Paris Cap Nord : un papa et sa fille qui partent tous les deux de Pau dans le Sud Ouest et rendez-vous avec la grande soeur \u00e0 Paris ! Un sacr\u00e9 road trip en famille ! \u00a0Sasha a particip\u00e9 \u00e0 l&rsquo;\u00e9dition du Paris Cap Nord 2010<\/p>\n<p>[\/et_pb_text][et_pb_button button_url=\u00a0\u00bb\/live\/equipage-4-dariya-et-veronica-oleksandr-korzhenko\/#side_nav_item_id_1&Prime; button_text=\u00a0\u00bbEn savoir plus  sur cette \u00e9quipe de choc\u00a0\u00bb button_alignment=\u00a0\u00bbleft\u00a0\u00bb background_layout=\u00a0\u00bbdark\u00a0\u00bb _builder_version=\u00a0\u00bb3.0.62&Prime; custom_button=\u00a0\u00bbon\u00a0\u00bb button_text_color=\u00a0\u00bb#ffffff\u00a0\u00bb button_icon=\u00a0\u00bb%%1%%\u00a0\u00bb button_on_hover=\u00a0\u00bboff\u00a0\u00bb saved_tabs=\u00a0\u00bball\u00a0\u00bb background_color=\u00a0\u00bb#7EBEC5&Prime;][\/et_pb_button][\/et_pb_column][\/et_pb_row][\/et_pb_section][et_pb_section fb_built=\u00a0\u00bb1&Prime; custom_padding=\u00a0\u00bb0px|0px|0px|0px\u00a0\u00bb _builder_version=\u00a0\u00bb3.0.62&Prime;][et_pb_row _builder_version=\u00a0\u00bb3.0.47&Prime; background_size=\u00a0\u00bbinitial\u00a0\u00bb background_position=\u00a0\u00bbtop_left\u00a0\u00bb background_repeat=\u00a0\u00bbrepeat\u00a0\u00bb][et_pb_column type=\u00a0\u00bb4_4&Prime; _builder_version=\u00a0\u00bb3.0.47&Prime; parallax=\u00a0\u00bboff\u00a0\u00bb parallax_method=\u00a0\u00bbon\u00a0\u00bb][et_pb_text _builder_version=\u00a0\u00bb3.0.62&Prime; saved_tabs=\u00a0\u00bball\u00a0\u00bb]<\/p>\n<h2>Composition de l&rsquo;\u00e9quipage 4 CAPAUNORD<\/h2>\n<p>[\/et_pb_text][\/et_pb_column][\/et_pb_row][et_pb_row _builder_version=\u00a0\u00bb3.0.62&Prime; background_size=\u00a0\u00bbinitial\u00a0\u00bb background_position=\u00a0\u00bbtop_left\u00a0\u00bb background_repeat=\u00a0\u00bbrepeat\u00a0\u00bb][et_pb_column type=\u00a0\u00bb1_3&Prime; _builder_version=\u00a0\u00bb3.0.47&Prime; parallax=\u00a0\u00bboff\u00a0\u00bb parallax_method=\u00a0\u00bbon\u00a0\u00bb][et_pb_image src=\u00a0\u00bbhttp:\/\/pariscapnord.fr\/live\/wp-content\/uploads\/2017\/07\/Oleksandr-KORZHENKO.jpg\u00a0\u00bb _builder_version=\u00a0\u00bb3.0.62&Prime;][\/et_pb_image][et_pb_text _builder_version=\u00a0\u00bb3.0.62&Prime; background_size=\u00a0\u00bbinitial\u00a0\u00bb background_position=\u00a0\u00bbtop_left\u00a0\u00bb background_repeat=\u00a0\u00bbrepeat\u00a0\u00bb]<\/p>\n<h2>Oleksandr KORZHENKO<\/h2>\n<p><em>Surnom : Sasha <br \/>47 ans<\/em><\/p>\n<p><strong>Objectif : <\/strong>extra aventure en famille avec mes deux filles et de profiter une superbe ambiance du Paris Cap Nord.<br \/><strong>Challenge :<\/strong> touver une bonne longeur d&rsquo;ondes commune pour nous trois.<\/p>\n<p>[\/et_pb_text][et_pb_counters _builder_version=\u00a0\u00bb3.0.62&Prime;][et_pb_counter percent=\u00a0\u00bb100&Prime; _builder_version=\u00a0\u00bb3.0.47&Prime; background_color_default=\u00a0\u00bb#dddddd\u00a0\u00bb bar_background_color_default=\u00a0\u00bb#7EBEC5&Prime; use_percentages=\u00a0\u00bbon\u00a0\u00bb]<br \/>\n Conduite[\/et_pb_counter][et_pb_counter percent=\u00a0\u00bb33&Prime; _builder_version=\u00a0\u00bb3.0.47&Prime; background_color_default=\u00a0\u00bb#dddddd\u00a0\u00bb bar_background_color_default=\u00a0\u00bb#7EBEC5&Prime; use_percentages=\u00a0\u00bbon\u00a0\u00bb]<br \/>\n Photographie[\/et_pb_counter][et_pb_counter percent=\u00a0\u00bb33&Prime; _builder_version=\u00a0\u00bb3.0.47&Prime; background_color_default=\u00a0\u00bb#dddddd\u00a0\u00bb bar_background_color_default=\u00a0\u00bb#7EBEC5&Prime; use_percentages=\u00a0\u00bbon\u00a0\u00bb]<br \/>\n Randonn\u00e9e[\/et_pb_counter][et_pb_counter _builder_version=\u00a0\u00bb3.0.47&Prime; background_color_default=\u00a0\u00bb#dddddd\u00a0\u00bb bar_background_color_default=\u00a0\u00bb#7EBEC5&Prime; use_percentages=\u00a0\u00bbon\u00a0\u00bb]<br \/>\n Copilotage[\/et_pb_counter][\/et_pb_counters][\/et_pb_column][et_pb_column type=\u00a0\u00bb1_3&Prime; _builder_version=\u00a0\u00bb3.0.47&Prime; parallax=\u00a0\u00bboff\u00a0\u00bb parallax_method=\u00a0\u00bbon\u00a0\u00bb][et_pb_image src=\u00a0\u00bbhttp:\/\/pariscapnord.fr\/live\/wp-content\/uploads\/2017\/07\/Dariya-KORZHENKO.jpg\u00a0\u00bb animation=\u00a0\u00bbtop\u00a0\u00bb _builder_version=\u00a0\u00bb3.0.62&Prime;][\/et_pb_image][et_pb_text _builder_version=\u00a0\u00bb3.0.62&Prime; background_size=\u00a0\u00bbinitial\u00a0\u00bb background_position=\u00a0\u00bbtop_left\u00a0\u00bb background_repeat=\u00a0\u00bbrepeat\u00a0\u00bb]<\/p>\n<h2>Dariya KORZHENKO<\/h2>\n<p><em>Surnom : Dasha 24 ans<\/em><\/p>\n<p><strong>Objectif : <\/strong>profiter &agrave; fond d&rsquo;un voyage en famille (que j&rsquo;ai tr&egrave;s peu l&rsquo;occasion de voir) et d&eacute;couvrir l&rsquo;ambiance du PCN dont on m&rsquo;a souvent parl&eacute;&#8230; Un r&ecirc;ve qui se r&eacute;alise! Sans oublier bien s&ucirc;r de revenir avec le maximum d&rsquo;images inoubliables. <br \/><strong>Challenge :<\/strong> Ne pas remplir trop vite mon disque dur de photos&#8230; Mais surtout d&eacute;passer mes limites au cours des diff&eacute;rentes randonn&eacute;es et situations que nous vivrons pendant cette aventure. Pour d&eacute;connecter de mon quotidien et du travail rien de mieux qu&rsquo;une escapade en pleine nature !<\/p>\n<p>[\/et_pb_text][et_pb_counters _builder_version=\u00a0\u00bb3.0.62&Prime;][et_pb_counter _builder_version=\u00a0\u00bb3.0.47&Prime; background_color_default=\u00a0\u00bb#dddddd\u00a0\u00bb bar_background_color_default=\u00a0\u00bb#7EBEC5&Prime; use_percentages=\u00a0\u00bbon\u00a0\u00bb]Conduite<br \/>\n[\/et_pb_counter][et_pb_counter percent=\u00a0\u00bb33&Prime; _builder_version=\u00a0\u00bb3.0.47&Prime; background_color_default=\u00a0\u00bb#dddddd\u00a0\u00bb bar_background_color_default=\u00a0\u00bb#7EBEC5&Prime; use_percentages=\u00a0\u00bbon\u00a0\u00bb]Photographie<br \/>\n[\/et_pb_counter][et_pb_counter percent=\u00a0\u00bb33&Prime; _builder_version=\u00a0\u00bb3.0.47&Prime; background_color_default=\u00a0\u00bb#dddddd\u00a0\u00bb bar_background_color_default=\u00a0\u00bb#7EBEC5&Prime; use_percentages=\u00a0\u00bbon\u00a0\u00bb]<br \/>\n Randonn\u00e9e[\/et_pb_counter][et_pb_counter percent=\u00a0\u00bb75&Prime; _builder_version=\u00a0\u00bb3.0.47&Prime; background_color_default=\u00a0\u00bb#dddddd\u00a0\u00bb bar_background_color_default=\u00a0\u00bb#7EBEC5&Prime; use_percentages=\u00a0\u00bbon\u00a0\u00bb]Copilotage[\/et_pb_counter][\/et_pb_counters][\/et_pb_column][et_pb_column type=\u00a0\u00bb1_3&Prime; _builder_version=\u00a0\u00bb3.0.47&Prime; parallax=\u00a0\u00bboff\u00a0\u00bb parallax_method=\u00a0\u00bbon\u00a0\u00bb][et_pb_image src=\u00a0\u00bbhttp:\/\/pariscapnord.fr\/live\/wp-content\/uploads\/2017\/07\/Veronica-KORZHENKO-1.jpg\u00a0\u00bb animation=\u00a0\u00bbtop\u00a0\u00bb _builder_version=\u00a0\u00bb3.0.62&Prime;][\/et_pb_image][et_pb_text _builder_version=\u00a0\u00bb3.0.62&Prime; background_size=\u00a0\u00bbinitial\u00a0\u00bb background_position=\u00a0\u00bbtop_left\u00a0\u00bb background_repeat=\u00a0\u00bbrepeat\u00a0\u00bb]<\/p>\n<h2>Veronica KORZHENKO<\/h2>\n<p><em>Surnom : Vero <br \/>15 ans<\/em><\/p>\n<p><strong>Objectif : <\/strong>Partager les moments de plaisirs avec ma familles en faisant un incroyable voyage. <br \/><strong>Challenge :<\/strong> me d&eacute;couvrir moi m&ecirc;me dans les conditions pas tr&egrave;s habituelles<\/p>\n<p>[\/et_pb_text][et_pb_counters _builder_version=\u00a0\u00bb3.0.62&Prime;][et_pb_counter _builder_version=\u00a0\u00bb3.0.47&Prime; background_color_default=\u00a0\u00bb#dddddd\u00a0\u00bb bar_background_color_default=\u00a0\u00bb#7EBEC5&Prime; use_percentages=\u00a0\u00bbon\u00a0\u00bb]Conduite<br \/>\n[\/et_pb_counter][et_pb_counter percent=\u00a0\u00bb33&Prime; _builder_version=\u00a0\u00bb3.0.47&Prime; background_color_default=\u00a0\u00bb#dddddd\u00a0\u00bb bar_background_color_default=\u00a0\u00bb#7EBEC5&Prime; use_percentages=\u00a0\u00bbon\u00a0\u00bb]Photographie<br \/>\n[\/et_pb_counter][et_pb_counter percent=\u00a0\u00bb33&Prime; _builder_version=\u00a0\u00bb3.0.47&Prime; background_color_default=\u00a0\u00bb#dddddd\u00a0\u00bb bar_background_color_default=\u00a0\u00bb#7EBEC5&Prime; use_percentages=\u00a0\u00bbon\u00a0\u00bb]<br \/>\n Randonn\u00e9e[\/et_pb_counter][et_pb_counter percent=\u00a0\u00bb25&Prime; _builder_version=\u00a0\u00bb3.0.47&Prime; background_color_default=\u00a0\u00bb#dddddd\u00a0\u00bb bar_background_color_default=\u00a0\u00bb#7EBEC5&Prime; use_percentages=\u00a0\u00bbon\u00a0\u00bb]Copilotage[\/et_pb_counter][\/et_pb_counters][\/et_pb_column][\/et_pb_row][\/et_pb_section][et_pb_section fb_built=\u00a0\u00bb1&Prime; background_color=\u00a0\u00bb#2d3743&Prime; inner_shadow=\u00a0\u00bbon\u00a0\u00bb custom_padding=\u00a0\u00bb0px||0px|\u00a0\u00bb _builder_version=\u00a0\u00bb3.0.62&Prime;][et_pb_row _builder_version=\u00a0\u00bb3.0.47&Prime; background_size=\u00a0\u00bbinitial\u00a0\u00bb background_position=\u00a0\u00bbtop_left\u00a0\u00bb background_repeat=\u00a0\u00bbrepeat\u00a0\u00bb][et_pb_column type=\u00a0\u00bb4_4&Prime; _builder_version=\u00a0\u00bb3.0.47&Prime; parallax=\u00a0\u00bboff\u00a0\u00bb parallax_method=\u00a0\u00bbon\u00a0\u00bb][et_pb_text background_layout=\u00a0\u00bbdark\u00a0\u00bb _builder_version=\u00a0\u00bb3.0.62&Prime; custom_margin=\u00a0\u00bb0px||0px|\u00a0\u00bb custom_padding=\u00a0\u00bb0px||0px|\u00a0\u00bb saved_tabs=\u00a0\u00bball\u00a0\u00bb]<\/p>\n<h2>Equipement de l&rsquo;\u00e9quipage 4 CAPAUNORD :<\/h2>\n<p>[\/et_pb_text][\/et_pb_column][\/et_pb_row][et_pb_row _builder_version=\u00a0\u00bb3.0.47&Prime; background_size=\u00a0\u00bbinitial\u00a0\u00bb background_position=\u00a0\u00bbtop_left\u00a0\u00bb background_repeat=\u00a0\u00bbrepeat\u00a0\u00bb][et_pb_column type=\u00a0\u00bb1_2&Prime; _builder_version=\u00a0\u00bb3.0.47&Prime; parallax=\u00a0\u00bboff\u00a0\u00bb parallax_method=\u00a0\u00bbon\u00a0\u00bb][et_pb_blurb title=\u00a0\u00bbToyota\u00a0\u00bb use_icon=\u00a0\u00bbon\u00a0\u00bb font_icon=\u00a0\u00bb%%230%%\u00a0\u00bb background_layout=\u00a0\u00bbdark\u00a0\u00bb text_orientation=\u00a0\u00bbcenter\u00a0\u00bb _builder_version=\u00a0\u00bb3.0.62&Prime; background_size=\u00a0\u00bbinitial\u00a0\u00bb background_position=\u00a0\u00bbtop_left\u00a0\u00bb background_repeat=\u00a0\u00bbrepeat\u00a0\u00bb]<\/p>\n<p>Age 3 ans &#8211; 90 000 km<\/p>\n<p>[\/et_pb_blurb][\/et_pb_column][et_pb_column type=\u00a0\u00bb1_2&Prime; _builder_version=\u00a0\u00bb3.0.47&Prime; parallax=\u00a0\u00bboff\u00a0\u00bb parallax_method=\u00a0\u00bbon\u00a0\u00bb][et_pb_blurb title=\u00a0\u00bbReflex NIKON D750 et D5100&Prime; use_icon=\u00a0\u00bbon\u00a0\u00bb font_icon=\u00a0\u00bb%%237%%\u00a0\u00bb background_layout=\u00a0\u00bbdark\u00a0\u00bb text_orientation=\u00a0\u00bbcenter\u00a0\u00bb _builder_version=\u00a0\u00bb3.0.62&Prime; background_size=\u00a0\u00bbinitial\u00a0\u00bb background_position=\u00a0\u00bbtop_left\u00a0\u00bb background_repeat=\u00a0\u00bbrepeat\u00a0\u00bb][\/et_pb_blurb][\/et_pb_column][\/et_pb_row][\/et_pb_section][et_pb_section fb_built=\u00a0\u00bb1&Prime; background_color=\u00a0\u00bb#7EBEC5&Prime; custom_padding=\u00a0\u00bb0px||0px|\u00a0\u00bb _builder_version=\u00a0\u00bb3.0.62&Prime;][et_pb_row _builder_version=\u00a0\u00bb3.0.47&Prime; background_size=\u00a0\u00bbinitial\u00a0\u00bb background_position=\u00a0\u00bbtop_left\u00a0\u00bb background_repeat=\u00a0\u00bbrepeat\u00a0\u00bb][et_pb_column type=\u00a0\u00bb4_4&Prime; _builder_version=\u00a0\u00bb3.0.47&Prime; parallax=\u00a0\u00bboff\u00a0\u00bb parallax_method=\u00a0\u00bbon\u00a0\u00bb][et_pb_cta title=\u00a0\u00bbRetrouvez cette \u00e9quipe dynamique \u00a0\u00bb button_url=\u00a0\u00bbhttps:\/\/www.facebook.com\/Capaunord17\/\u00a0\u00bb button_text=\u00a0\u00bbJe vais voir\u00a0\u00bb _builder_version=\u00a0\u00bb3.0.62&Prime; background_size=\u00a0\u00bbinitial\u00a0\u00bb background_position=\u00a0\u00bbtop_left\u00a0\u00bb background_repeat=\u00a0\u00bbrepeat\u00a0\u00bb custom_button=\u00a0\u00bbon\u00a0\u00bb button_icon=\u00a0\u00bb%%291%%\u00a0\u00bb button_on_hover=\u00a0\u00bboff\u00a0\u00bb]<\/p>\n<p>Vous pouvez aussi retrouver les \u00ab\u00a0CAPAUNORD\u00a0\u00bb sur leur propre page facebook cr\u00e9\u00e9e sp\u00e9cialement pour cette \u00e9dition 2017<\/p>\n<p>[\/et_pb_cta][\/et_pb_column][\/et_pb_row][\/et_pb_section]<\/p>\n","protected":false},"excerpt":{"rendered":"<p>[et_pb_section fb_built=\u00a0\u00bb1&Prime; background_color=\u00a0\u00bb#7ebec5&Prime; _builder_version=\u00a0\u00bb3.0.62&Prime;][et_pb_row _builder_version=\u00a0\u00bb3.0.47&Prime; background_size=\u00a0\u00bbinitial\u00a0\u00bb background_position=\u00a0\u00bbtop_left\u00a0\u00bb background_repeat=\u00a0\u00bbrepeat\u00a0\u00bb][et_pb_column type=\u00a0\u00bb1_2&Prime; _builder_version=\u00a0\u00bb3.0.47&Prime; parallax=\u00a0\u00bboff\u00a0\u00bb parallax_method=\u00a0\u00bbon\u00a0\u00bb][et_pb_image src=\u00a0\u00bbhttp:\/\/pariscapnord.fr\/live\/wp-content\/uploads\/2017\/07\/cap-au-nord.jpg\u00a0\u00bb _builder_version=\u00a0\u00bb3.0.62&Prime;][\/et_pb_image][\/et_pb_column][et_pb_column type=\u00a0\u00bb1_2&Prime; _builder_version=\u00a0\u00bb3.0.47&Prime; parallax=\u00a0\u00bboff\u00a0\u00bb parallax_method=\u00a0\u00bbon\u00a0\u00bb][et_pb_text background_layout=\u00a0\u00bbdark\u00a0\u00bb _builder_version=\u00a0\u00bb3.0.62&Prime;] Equipage 4 CAPAUNORD Slogan Cap au Nord \u00a0C&rsquo;est en famille que nous faisons le raid Paris Cap Nord : un papa et sa fille qui partent tous les deux de Pau dans le Sud Ouest [&hellip;]<\/p>\n","protected":false},"author":1,"featured_media":6203,"comment_status":"open","ping_status":"open","sticky":false,"template":"","format":"standard","meta":[],"categories":[11],"tags":[],"yoast_head":"<!-- This site is optimized with the Yoast SEO plugin v14.9 - https:\/\/yoast.com\/wordpress\/plugins\/seo\/ -->\n<title>Cap au Nord - Equipage 4 - Live du raid Paris Cap Nord<\/title>\n<meta name=\"robots\" content=\"index, follow, max-snippet:-1, max-image-preview:large, max-video-preview:-1\" \/>\n<link rel=\"canonical\" href=\"http:\/\/pariscapnord.fr\/live\/equipage-4-dariya-et-veronica-oleksandr-korzhenko\/\" \/>\n<meta property=\"og:locale\" content=\"fr_FR\" \/>\n<meta property=\"og:type\" content=\"article\" \/>\n<meta property=\"og:title\" content=\"Cap au Nord - Equipage 4 - Live du raid Paris Cap Nord\" \/>\n<meta property=\"og:description\" content=\"[et_pb_section fb_built=\u00a0\u00bb1&Prime; background_color=\u00a0\u00bb#7ebec5&Prime; _builder_version=\u00a0\u00bb3.0.62&Prime;][et_pb_row _builder_version=\u00a0\u00bb3.0.47&Prime; background_size=\u00a0\u00bbinitial\u00a0\u00bb background_position=\u00a0\u00bbtop_left\u00a0\u00bb background_repeat=\u00a0\u00bbrepeat\u00a0\u00bb][et_pb_column type=\u00a0\u00bb1_2&Prime; _builder_version=\u00a0\u00bb3.0.47&Prime; parallax=\u00a0\u00bboff\u00a0\u00bb parallax_method=\u00a0\u00bbon\u00a0\u00bb][et_pb_image src=\u00a0\u00bbhttp:\/\/pariscapnord.fr\/live\/wp-content\/uploads\/2017\/07\/cap-au-nord.jpg\u00a0\u00bb _builder_version=\u00a0\u00bb3.0.62&Prime;][\/et_pb_image][\/et_pb_column][et_pb_column type=\u00a0\u00bb1_2&Prime; _builder_version=\u00a0\u00bb3.0.47&Prime; parallax=\u00a0\u00bboff\u00a0\u00bb parallax_method=\u00a0\u00bbon\u00a0\u00bb][et_pb_text background_layout=\u00a0\u00bbdark\u00a0\u00bb _builder_version=\u00a0\u00bb3.0.62&Prime;] Equipage 4 CAPAUNORD Slogan Cap au Nord \u00a0C&rsquo;est en famille que nous faisons le raid Paris Cap Nord : un papa et sa fille qui partent tous les deux de Pau dans le Sud Ouest [&hellip;]\" \/>\n<meta property=\"og:url\" content=\"http:\/\/pariscapnord.fr\/live\/equipage-4-dariya-et-veronica-oleksandr-korzhenko\/\" \/>\n<meta property=\"og:site_name\" content=\"Live du raid Paris Cap Nord\" \/>\n<meta property=\"article:published_time\" content=\"2017-07-24T01:55:22+00:00\" \/>\n<meta property=\"article:modified_time\" content=\"2017-07-26T06:18:33+00:00\" \/>\n<meta property=\"og:image\" content=\"https:\/\/pariscapnord.fr\/live\/wp-content\/uploads\/2017\/07\/cap-au-nord.jpg\" \/>\n\t<meta property=\"og:image:width\" content=\"800\" \/>\n\t<meta property=\"og:image:height\" content=\"600\" \/>\n<meta name=\"twitter:card\" content=\"summary\" \/>\n<script type=\"application\/ld+json\" class=\"yoast-schema-graph\">{\"@context\":\"https:\/\/schema.org\",\"@graph\":[{\"@type\":\"WebSite\",\"@id\":\"https:\/\/pariscapnord.fr\/live\/#website\",\"url\":\"https:\/\/pariscapnord.fr\/live\/\",\"name\":\"Live du raid Paris Cap Nord\",\"description\":\"Suivez l\\u2019aventure de tous les \\u00e9quipages du raid Paris Cap Nord \\u00e9dition 2017\",\"potentialAction\":[{\"@type\":\"SearchAction\",\"target\":\"https:\/\/pariscapnord.fr\/live\/?s={search_term_string}\",\"query-input\":\"required name=search_term_string\"}],\"inLanguage\":\"fr-FR\"},{\"@type\":\"ImageObject\",\"@id\":\"http:\/\/pariscapnord.fr\/live\/equipage-4-dariya-et-veronica-oleksandr-korzhenko\/#primaryimage\",\"inLanguage\":\"fr-FR\",\"url\":\"https:\/\/pariscapnord.fr\/live\/wp-content\/uploads\/2017\/07\/cap-au-nord.jpg\",\"width\":800,\"height\":600},{\"@type\":\"WebPage\",\"@id\":\"http:\/\/pariscapnord.fr\/live\/equipage-4-dariya-et-veronica-oleksandr-korzhenko\/#webpage\",\"url\":\"http:\/\/pariscapnord.fr\/live\/equipage-4-dariya-et-veronica-oleksandr-korzhenko\/\",\"name\":\"Cap au Nord - Equipage 4 - Live du raid Paris Cap Nord\",\"isPartOf\":{\"@id\":\"https:\/\/pariscapnord.fr\/live\/#website\"},\"primaryImageOfPage\":{\"@id\":\"http:\/\/pariscapnord.fr\/live\/equipage-4-dariya-et-veronica-oleksandr-korzhenko\/#primaryimage\"},\"datePublished\":\"2017-07-24T01:55:22+00:00\",\"dateModified\":\"2017-07-26T06:18:33+00:00\",\"author\":{\"@id\":\"https:\/\/pariscapnord.fr\/live\/#\/schema\/person\/ebd1bf0473090ba4f64433a8cc932595\"},\"inLanguage\":\"fr-FR\",\"potentialAction\":[{\"@type\":\"ReadAction\",\"target\":[\"http:\/\/pariscapnord.fr\/live\/equipage-4-dariya-et-veronica-oleksandr-korzhenko\/\"]}]},{\"@type\":\"Person\",\"@id\":\"https:\/\/pariscapnord.fr\/live\/#\/schema\/person\/ebd1bf0473090ba4f64433a8cc932595\",\"name\":\"nordcap\",\"image\":{\"@type\":\"ImageObject\",\"@id\":\"https:\/\/pariscapnord.fr\/live\/#personlogo\",\"inLanguage\":\"fr-FR\",\"url\":\"https:\/\/secure.gravatar.com\/avatar\/abe8a673a1980fb8e348aeda16efb2c6?s=96&d=mm&r=g\",\"caption\":\"nordcap\"}}]}<\/script>\n<!-- \/ Yoast SEO plugin. -->","_links":{"self":[{"href":"https:\/\/pariscapnord.fr\/live\/wp-json\/wp\/v2\/posts\/5548"}],"collection":[{"href":"https:\/\/pariscapnord.fr\/live\/wp-json\/wp\/v2\/posts"}],"about":[{"href":"https:\/\/pariscapnord.fr\/live\/wp-json\/wp\/v2\/types\/post"}],"author":[{"embeddable":true,"href":"https:\/\/pariscapnord.fr\/live\/wp-json\/wp\/v2\/users\/1"}],"replies":[{"embeddable":true,"href":"https:\/\/pariscapnord.fr\/live\/wp-json\/wp\/v2\/comments?post=5548"}],"version-history":[{"count":14,"href":"https:\/\/pariscapnord.fr\/live\/wp-json\/wp\/v2\/posts\/5548\/revisions"}],"predecessor-version":[{"id":6339,"href":"https:\/\/pariscapnord.fr\/live\/wp-json\/wp\/v2\/posts\/5548\/revisions\/6339"}],"wp:featuredmedia":[{"embeddable":true,"href":"https:\/\/pariscapnord.fr\/live\/wp-json\/wp\/v2\/media\/6203"}],"wp:attachment":[{"href":"https:\/\/pariscapnord.fr\/live\/wp-json\/wp\/v2\/media?parent=5548"}],"wp:term":[{"taxonomy":"category","embeddable":true,"href":"https:\/\/pariscapnord.fr\/live\/wp-json\/wp\/v2\/categories?post=5548"},{"taxonomy":"post_tag","embeddable":true,"href":"https:\/\/pariscapnord.fr\/live\/wp-json\/wp\/v2\/tags?post=5548"}],"curies":[{"name":"wp","href":"https:\/\/api.w.org\/{rel}","templated":true}]}}